{"id":34446,"date":"2021-06-29T18:28:50","date_gmt":"2021-06-29T23:28:50","guid":{"rendered":"http:\/\/www.inter-accion.com.mx\/?p=34446"},"modified":"2021-06-29T18:28:50","modified_gmt":"2021-06-29T23:28:50","slug":"34446","status":"publish","type":"post","link":"https:\/\/www.interaccionnoticias.com.mx\/?p=34446","title":{"rendered":"Destituci\u00f3n de Irma Er\u00e9ndira Sandoval, \u201ckarma pol\u00edtico\u201d por la guerra sucia contra F\u00e9lix Salgado"},"content":{"rendered":"\n<p><strong>&#8211; Organizaciones conmemoran 103 a\u00f1os del natalicio del veterano luchador social<\/strong><\/p>\n\n\n\n<p><strong>Rogelio Agust\u00edn<\/strong><\/p>\n\n\n\n<p>\u201cLa destituci\u00f3n de Irma Er\u00e9ndira Sandoval Ballesteros como titular de la Secretar\u00eda de la Funci\u00f3n P\u00fablica (FSP), es \u201ckarma pol\u00edtico\u201d por la guerra sucia desatada en el proceso electoral pasado\u201d, se\u00f1al\u00f3 el dirigente de la Asamblea Popular de los Pueblos de Guerrero (APPG), Nicol\u00e1s Ch\u00e1vez Adame.<br><br>Ch\u00e1vez Adame es considerado como uno de los dirigentes sociales m\u00e1s cercanos al veterano luchador social Pablo Sandoval Cruz, que este martes 29 de julio hubiera cumplido 103 a\u00f1os de edad.<br><br>Junto con varios integrantes de la APPG y representantes de organizaciones afines, Ch\u00e1vez Adame encabez\u00f3 una ceremonia en el pante\u00f3n central de la ciudad, donde descansan sus restos desde hace un a\u00f1o.<br><br>Ante la tumba de quien fuera l\u00edder del movimiento social de 1960, Nicol\u00e1s Ch\u00e1vez lament\u00f3 que algunos de sus familiares directos no hayan acudido a las actividades que se desarrollaron para honrar su memoria.<br><br>Record\u00f3 que la APPG y dem\u00e1s organizaciones se dieron a la tarea de desenmascarar la forma en que el ex delegado federal, Pablo Amilcar Sandoval pretend\u00eda utilizar el nombre de su abuelo para quedarse con la candidatura al Gobierno de Guerrero.<br><br>Despu\u00e9s, se\u00f1al\u00f3 que la destituci\u00f3n de la ex titular de la SFP, Irma Er\u00e9ndira Sandoval, es una manifestaci\u00f3n muy clara de \u201ckarma pol\u00edtico\u201d, pues fue muy notable que ella particip\u00f3 directamente en la guerra sucia que se desat\u00f3 en contra de F\u00e9lix Salgado Macedonio para despojarle la candidatura gubernamental.<br><br>La prueba de que hubo el intento de aprovecharse de la imagen del finado dirigente social, es que muchos de sus familiares directos, principalmente sus nietos, no estuvieron en las actividades con las que se honr\u00f3 su memoria.<\/p>\n","protected":false},"excerpt":{"rendered":"<p>&#8211; Organizaciones conmemoran 103 a\u00f1os del natalicio del veterano luchador social Rogelio Agust\u00edn \u201cLa destituci\u00f3n de Irma Er\u00e9ndira Sandoval Ballesteros como titular de la Secretar\u00eda de la Funci\u00f3n P\u00fablica (FSP),&hellip; <\/p>\n","protected":false},"author":1,"featured_media":34447,"comment_status":"open","ping_status":"open","sticky":false,"template":"","format":"standard","meta":{"fifu_image_url":"","fifu_image_alt":"","footnotes":""},"categories":[15],"tags":[],"class_list":["post-34446","post","type-post","status-publish","format-standard","has-post-thumbnail","hentry","category-movimientos-sociales"],"_links":{"self":[{"href":"https:\/\/www.interaccionnoticias.com.mx\/index.php?rest_route=\/wp\/v2\/posts\/34446","targetHints":{"allow":["GET"]}}],"collection":[{"href":"https:\/\/www.interaccionnoticias.com.mx\/index.php?rest_route=\/wp\/v2\/posts"}],"about":[{"href":"https:\/\/www.interaccionnoticias.com.mx\/index.php?rest_route=\/wp\/v2\/types\/post"}],"author":[{"embeddable":true,"href":"https:\/\/www.interaccionnoticias.com.mx\/index.php?rest_route=\/wp\/v2\/users\/1"}],"replies":[{"embeddable":true,"href":"https:\/\/www.interaccionnoticias.com.mx\/index.php?rest_route=%2Fwp%2Fv2%2Fcomments&post=34446"}],"version-history":[{"count":0,"href":"https:\/\/www.interaccionnoticias.com.mx\/index.php?rest_route=\/wp\/v2\/posts\/34446\/revisions"}],"wp:featuredmedia":[{"embeddable":true,"href":"https:\/\/www.interaccionnoticias.com.mx\/index.php?rest_route=\/wp\/v2\/media\/34447"}],"wp:attachment":[{"href":"https:\/\/www.interaccionnoticias.com.mx\/index.php?rest_route=%2Fwp%2Fv2%2Fmedia&parent=34446"}],"wp:term":[{"taxonomy":"category","embeddable":true,"href":"https:\/\/www.interaccionnoticias.com.mx\/index.php?rest_route=%2Fwp%2Fv2%2Fcategories&post=34446"},{"taxonomy":"post_tag","embeddable":true,"href":"https:\/\/www.interaccionnoticias.com.mx\/index.php?rest_route=%2Fwp%2Fv2%2Ftags&post=34446"}],"curies":[{"name":"wp","href":"https:\/\/api.w.org\/{rel}","templated":true}]}}