{"id":34434,"date":"2021-06-29T17:36:00","date_gmt":"2021-06-29T22:36:00","guid":{"rendered":"http:\/\/www.inter-accion.com.mx\/?p=34434"},"modified":"2021-06-29T17:36:00","modified_gmt":"2021-06-29T22:36:00","slug":"34434","status":"publish","type":"post","link":"https:\/\/www.interaccionnoticias.com.mx\/?p=34434","title":{"rendered":"Vamos a defender al INE: Dagoberto Santos Trigo"},"content":{"rendered":"\n<p><strong><em>&#8211; Con su conteo r\u00e1pido, el INE tuvo una participaci\u00f3n crucial en la elecci\u00f3n de gobernador, pues dio certeza<br>&#8211; Somos respetuosos de las opiniones de que el INE desaparezca, pero defenderemos su existencia, anticipa el vocal ejecutivo en Guerrero<\/em><\/strong><\/p>\n\n\n\n<p><strong>Vianey Ponce<\/strong><\/p>\n\n\n\n<p>El vocal ejecutivo de la Junta Local del Instituto Nacional Electoral (INE), Dagoberto Santos Trigo sostuvo que todos los integrantes de dicha instituci\u00f3n la defender\u00e1n ante los cuestionamientos sobre su eficacia, incluso ante los proyectos que promueven desaparecerla.<\/p>\n\n\n\n<p>Lo anterior, tras ser cuestionado respecto a las declaraciones del senador F\u00e9lix Salgado Macedonio, en el sentido de que promover\u00e1 la desaparici\u00f3n del INE, situaci\u00f3n que podr\u00eda registrarse este mismo a\u00f1o.<\/p>\n\n\n\n<p>Santos Trigo se\u00f1al\u00f3 que es respetuoso de la postura del senador, que no le ofenden ese tipo de advertencias, y manifest\u00f3 no tener ninguna opini\u00f3n, ni negativa o afirmativa al respecto.<\/p>\n\n\n\n<p>Incluso, refiri\u00f3 que si Macedonio lograra convencer a los dem\u00e1s integrantes del Senado para impulsar tal iniciativa, quienes forman parte del INE seguir\u00e1n trabajando hasta el final.<\/p>\n\n\n\n<p>Sin embargo, sentenci\u00f3 que el trabajo del INE no puede ser cuestionable, prueba de ello es que en la elecci\u00f3n del 6 de junio, el conteo r\u00e1pido del \u00f3rgano federal jug\u00f3 un papel importante para generar certeza.<\/p>\n\n\n\n<p>Explic\u00f3 que con su conteo r\u00e1pido, ellos fueron los primeros en dar a conocer la ventaja irreversible de Evelyn Salgado Pineda, debido a que el Programa de Resultados Electorales Preliminares (PREP) del Instituto Electoral y de Participaci\u00f3n Ciudadana (IEPC) present\u00f3 fallas t\u00e9cnicas y dej\u00f3 de avanzar.<\/p>\n\n\n\n<p>\u00abCuando se le pidi\u00f3 al consejero presidente del IEPC que diera a conocer los resultados de nuestro conteo r\u00e1pido (recalc\u00f3 coincidi\u00f3 con el resultado final), hubo una cuesti\u00f3n de tranquilidad en el estado, que no hubiera existido si nosotros no hubi\u00e9ramos hecho el conteo r\u00e1pido y no se hayan dado a conocer sus resultados\u00bb, manifest\u00f3 el vocal ejecutivo.<\/p>\n\n\n\n<p>Esa, dijo que invariablemente es una muestra de que el INE sirve y es importante en la democracia y la gobernabilidad, incluso, asever\u00f3 que gran parte de la gobernabilidad del pa\u00eds y de Guerrero se debe al trabajo democr\u00e1tico que realiza dicha instituci\u00f3n.&nbsp;<\/p>\n\n\n\n<p>Como prueba de la funcionabilidad del INE, tambi\u00e9n record\u00f3 que el Instituto estuvo a cargo de las elecciones del 2018, en la que tambi\u00e9n fueron electos las y los actuales senadores y legisladores.<\/p>\n\n\n\n<p>Santos Trigo consider\u00f3 importante recalcar que el&nbsp; INE no responde a ning\u00fan partido ni obedece a ning\u00fan gobierno, por el contrario, subray\u00f3 que la referida instituci\u00f3n electoral pertenece al Estado Mexicano.<\/p>\n\n\n\n<p>Sostuvo que en el caso de la Junta local, sus consejeros son aut\u00f3nomos y las decisiones importantes se toman de forma colegiada.<\/p>\n\n\n\n<p>Ante los se\u00f1alamientos en contra del INE por parte del senador F\u00e9lix Salgado, dijo que como prueba de su responsabilidad y su compromiso, a\u00fan con recursos limitados est\u00e1n organizando la encuesta sobre el enjuiciamiento a actores pol\u00edticos de a\u00f1os pasados.<\/p>\n\n\n\n<p>El vocal ejecutivo celebr\u00f3 que en este proceso electoral no hayan existido impugnaciones referentes al trabajo del INE, pues no se le menciona en la impugnaci\u00f3n que present\u00f3 la coalici\u00f3n PRI-PRD por los resultados de la elecci\u00f3n de gobernador.<\/p>\n","protected":false},"excerpt":{"rendered":"<p>&#8211; Con su conteo r\u00e1pido, el INE tuvo una participaci\u00f3n crucial en la elecci\u00f3n de gobernador, pues dio certeza&#8211; Somos respetuosos de las opiniones de que el INE desaparezca, pero&hellip; <\/p>\n","protected":false},"author":1,"featured_media":34430,"comment_status":"open","ping_status":"open","sticky":false,"template":"","format":"standard","meta":{"fifu_image_url":"","fifu_image_alt":"","footnotes":""},"categories":[17],"tags":[],"class_list":["post-34434","post","type-post","status-publish","format-standard","has-post-thumbnail","hentry","category-organos-electorales"],"_links":{"self":[{"href":"https:\/\/www.interaccionnoticias.com.mx\/index.php?rest_route=\/wp\/v2\/posts\/34434","targetHints":{"allow":["GET"]}}],"collection":[{"href":"https:\/\/www.interaccionnoticias.com.mx\/index.php?rest_route=\/wp\/v2\/posts"}],"about":[{"href":"https:\/\/www.interaccionnoticias.com.mx\/index.php?rest_route=\/wp\/v2\/types\/post"}],"author":[{"embeddable":true,"href":"https:\/\/www.interaccionnoticias.com.mx\/index.php?rest_route=\/wp\/v2\/users\/1"}],"replies":[{"embeddable":true,"href":"https:\/\/www.interaccionnoticias.com.mx\/index.php?rest_route=%2Fwp%2Fv2%2Fcomments&post=34434"}],"version-history":[{"count":0,"href":"https:\/\/www.interaccionnoticias.com.mx\/index.php?rest_route=\/wp\/v2\/posts\/34434\/revisions"}],"wp:featuredmedia":[{"embeddable":true,"href":"https:\/\/www.interaccionnoticias.com.mx\/index.php?rest_route=\/wp\/v2\/media\/34430"}],"wp:attachment":[{"href":"https:\/\/www.interaccionnoticias.com.mx\/index.php?rest_route=%2Fwp%2Fv2%2Fmedia&parent=34434"}],"wp:term":[{"taxonomy":"category","embeddable":true,"href":"https:\/\/www.interaccionnoticias.com.mx\/index.php?rest_route=%2Fwp%2Fv2%2Fcategories&post=34434"},{"taxonomy":"post_tag","embeddable":true,"href":"https:\/\/www.interaccionnoticias.com.mx\/index.php?rest_route=%2Fwp%2Fv2%2Ftags&post=34434"}],"curies":[{"name":"wp","href":"https:\/\/api.w.org\/{rel}","templated":true}]}}