{"id":3443,"date":"2017-04-07T22:16:45","date_gmt":"2017-04-08T03:16:45","guid":{"rendered":"http:\/\/www.inter-accion.com.mx\/?p=3443"},"modified":"2017-04-07T22:16:45","modified_gmt":"2017-04-08T03:16:45","slug":"protestan-transportistas-en-la-vispera-de-semana-santa","status":"publish","type":"post","link":"https:\/\/www.interaccionnoticias.com.mx\/?p=3443","title":{"rendered":"Protestan transportistas en la v\u00edspera de Semana Santa"},"content":{"rendered":"<p>*Exigen la destituci\u00f3n del delegado de transportes<br \/>\n&nbsp;<br \/>\nEn la v\u00edspera del periodo vacacional de Semana Santa, m\u00e1s de 30 camiones de igual n\u00famero de transportistas realizaron un bloqueo y plant\u00f3n sobre la costera Miguel Alem\u00e1n.<br \/>\nExigen la destituci\u00f3n del delegado de Transportes del Estado, Juan Barrios Hern\u00e1ndez, por considerar que ha solapado irregularidades al permitir un eventual ingreso de 142 urvans y urbanos en otras rutas.<br \/>\n\u201cEl delegado est\u00e1 llenando de urvan todo Acapulco, est\u00e1 con un grupo de seudol\u00edderes que no son permisionarios, est\u00e1n incrementando el parque vehicular de una manera fuerte, el pirataje que nunca pudo combatir\u201d, acus\u00f3 el representante de urbaneros en el puerto.<br \/>\nSon permisionarios de camiones urbanos del Bloque 1 liderados por y taxis colectivos del sector VI, quienes bloquearon la franja tur\u00edstica de Acapulco para exigir la destituci\u00f3n del delegado de Transportes.<br \/>\n\u201cEstamos aqu\u00ed para pedir la destituci\u00f3n del delegado Juan Barrios, y resolver problemas de incremento de urvan, se viene un rumor muy fuerte de que van a entrar 142 urvan, y el sector de urbaneros est\u00e1 muy preocupado y de alguna manera queremos una soluci\u00f3n inmediata.<br \/>\n\u201cQueremos trabajar de la mano del gobierno estatal y municipal, no queremos que nos vean con malos ojos, ni como gente conflictiva. Nosotros somos gente que recibimos al turismo y lo haremos igual esta temporada\u201d, dijo el representante de los transportistas de la ruta uno.<br \/>\nDesde las 08:00 horas este viernes, choferes y concesionarios de urbanos de la ruta 1 en la Costera Miguel Alem\u00e1n, estacionaron en doble fila 30 camiones y taxis la principal arteria tur\u00edstica.<\/p>\n","protected":false},"excerpt":{"rendered":"<p>*Exigen la destituci\u00f3n del delegado de transportes &nbsp; En la v\u00edspera del periodo vacacional de Semana Santa, m\u00e1s de 30 camiones de igual n\u00famero de transportistas realizaron un bloqueo y&hellip; <\/p>\n","protected":false},"author":1,"featured_media":0,"comment_status":"open","ping_status":"open","sticky":false,"template":"","format":"standard","meta":{"fifu_image_url":"","fifu_image_alt":"","footnotes":""},"categories":[8,23],"tags":[],"class_list":["post-3443","post","type-post","status-publish","format-standard","hentry","category-featured","category-regionales"],"_links":{"self":[{"href":"https:\/\/www.interaccionnoticias.com.mx\/index.php?rest_route=\/wp\/v2\/posts\/3443","targetHints":{"allow":["GET"]}}],"collection":[{"href":"https:\/\/www.interaccionnoticias.com.mx\/index.php?rest_route=\/wp\/v2\/posts"}],"about":[{"href":"https:\/\/www.interaccionnoticias.com.mx\/index.php?rest_route=\/wp\/v2\/types\/post"}],"author":[{"embeddable":true,"href":"https:\/\/www.interaccionnoticias.com.mx\/index.php?rest_route=\/wp\/v2\/users\/1"}],"replies":[{"embeddable":true,"href":"https:\/\/www.interaccionnoticias.com.mx\/index.php?rest_route=%2Fwp%2Fv2%2Fcomments&post=3443"}],"version-history":[{"count":0,"href":"https:\/\/www.interaccionnoticias.com.mx\/index.php?rest_route=\/wp\/v2\/posts\/3443\/revisions"}],"wp:attachment":[{"href":"https:\/\/www.interaccionnoticias.com.mx\/index.php?rest_route=%2Fwp%2Fv2%2Fmedia&parent=3443"}],"wp:term":[{"taxonomy":"category","embeddable":true,"href":"https:\/\/www.interaccionnoticias.com.mx\/index.php?rest_route=%2Fwp%2Fv2%2Fcategories&post=3443"},{"taxonomy":"post_tag","embeddable":true,"href":"https:\/\/www.interaccionnoticias.com.mx\/index.php?rest_route=%2Fwp%2Fv2%2Ftags&post=3443"}],"curies":[{"name":"wp","href":"https:\/\/api.w.org\/{rel}","templated":true}]}}