{"id":34424,"date":"2021-06-29T17:23:00","date_gmt":"2021-06-29T22:23:00","guid":{"rendered":"http:\/\/www.inter-accion.com.mx\/?p=34424"},"modified":"2021-06-29T17:23:00","modified_gmt":"2021-06-29T22:23:00","slug":"34424","status":"publish","type":"post","link":"https:\/\/www.interaccionnoticias.com.mx\/?p=34424","title":{"rendered":"Hay condiciones para que Astudillo presente su sexto informe de labores"},"content":{"rendered":"\n<p><strong><em>&#8211; Las fracciones parlamentarias y representaciones de partido ponderan un trato respetuoso al Ejecutivo local<\/em><\/strong><\/p>\n\n\n\n<p><strong>Rogelio Agust\u00edn<\/strong><\/p>\n\n\n\n<p>La coordinadora de la fracci\u00f3n parlamentaria del PRI en el Congreso local, Ver\u00f3nica Mu\u00f1oz Parra sostuvo que existen condiciones para que el gobernador del estado, H\u00e9ctor Astudillo Flores acuda ante el Pleno para dirigir un mensaje, en el marco del sexto y \u00faltimo informe de labores.<\/p>\n\n\n\n<p>Mu\u00f1oz Parra coment\u00f3 que el gobernador Astudillo Flores asume una postura congruente, cuando hasta el final de su administraci\u00f3n, plantea cumplir con la responsabilidad de rendir cuentas ante la m\u00e1xima representaci\u00f3n popular.<\/p>\n\n\n\n<p>Explic\u00f3 que ya en el Congreso se tiene por recibido un documento oficial, en el que se da cuenta del inter\u00e9s que el gobernador tiene de acudir a rendir a presentar su informe de labores.<\/p>\n\n\n\n<p>Explic\u00f3 que el 5 de julio se espera que los 46 diputados reciban el documento que integra el sexto informe de labores, para efecto de que tengan el espacio suficiente de revisarlo y diez d\u00edas despu\u00e9s, el 15, Astudillo est\u00e9 ante el Pleno, para dirigir el mensaje pol\u00edtico correspondiente.<\/p>\n\n\n\n<p>Coment\u00f3 que en el Congreso existe mucho inter\u00e9s por conocer el contenido del informe, pues son muchos los rubros en los que se necesita profundizar en el detalle de las acciones que se han tenido, incluso a pesar del freno que represent\u00f3 el confinamiento provocado por la pandemia del Covid-19.<\/p>\n\n\n\n<p>Por esa raz\u00f3n, a pregunta expresa, la diputada Mu\u00f1oz Parra sostuvo que pese a las diferentes posturas que existen en el \u00e1mbito pol\u00edtico, s\u00ed hay condiciones para el que gobernador acuda a presentar el mensaje pol\u00edtico correspondiente a su sexto informe de labores.<\/p>\n\n\n\n<p>Explic\u00f3 que la jornada del lunes 28 de junio hubo una reuni\u00f3n de conferencia, entre la Mesa Directiva y la Junta de Coordinaci\u00f3n Pol\u00edtica (Jucopo) en la que se trat\u00f3 dicho tema.<\/p>\n\n\n\n<p>\u201cLo que acordamos es que va a ser una visita respetuosa, vamos a escuchar al gobernador y que todos los partidos habr\u00e1n de sostener sus participaciones, el Congreso es una caja de resonancia en la que se manifiestan todas las expresiones, pero lo que s\u00ed tengo que decir, es que hemos coincidido en continuar trabajando en la recta final en unidad, pero sobre todo con altura de miras\u201d, anot\u00f3.<\/p>\n\n\n\n<p>Hasta el momento, dijo que la ruta sobre la que decidieron caminar los diputados, es la que se\u00f1ala que se debe recibir al gobernador sin ning\u00fan tipo de complicaci\u00f3n.<\/p>\n\n\n\n<p>De acuerdo con la valoraci\u00f3n de la representante popular, en la administraci\u00f3n que culmina se tiene un avance importante en diferentes rubros.<\/p>\n","protected":false},"excerpt":{"rendered":"<p>&#8211; Las fracciones parlamentarias y representaciones de partido ponderan un trato respetuoso al Ejecutivo local Rogelio Agust\u00edn La coordinadora de la fracci\u00f3n parlamentaria del PRI en el Congreso local, Ver\u00f3nica&hellip; <\/p>\n","protected":false},"author":1,"featured_media":34426,"comment_status":"open","ping_status":"open","sticky":false,"template":"","format":"standard","meta":{"fifu_image_url":"","fifu_image_alt":"","footnotes":""},"categories":[2],"tags":[],"class_list":["post-34424","post","type-post","status-publish","format-standard","has-post-thumbnail","hentry","category-congreso"],"_links":{"self":[{"href":"https:\/\/www.interaccionnoticias.com.mx\/index.php?rest_route=\/wp\/v2\/posts\/34424","targetHints":{"allow":["GET"]}}],"collection":[{"href":"https:\/\/www.interaccionnoticias.com.mx\/index.php?rest_route=\/wp\/v2\/posts"}],"about":[{"href":"https:\/\/www.interaccionnoticias.com.mx\/index.php?rest_route=\/wp\/v2\/types\/post"}],"author":[{"embeddable":true,"href":"https:\/\/www.interaccionnoticias.com.mx\/index.php?rest_route=\/wp\/v2\/users\/1"}],"replies":[{"embeddable":true,"href":"https:\/\/www.interaccionnoticias.com.mx\/index.php?rest_route=%2Fwp%2Fv2%2Fcomments&post=34424"}],"version-history":[{"count":0,"href":"https:\/\/www.interaccionnoticias.com.mx\/index.php?rest_route=\/wp\/v2\/posts\/34424\/revisions"}],"wp:featuredmedia":[{"embeddable":true,"href":"https:\/\/www.interaccionnoticias.com.mx\/index.php?rest_route=\/wp\/v2\/media\/34426"}],"wp:attachment":[{"href":"https:\/\/www.interaccionnoticias.com.mx\/index.php?rest_route=%2Fwp%2Fv2%2Fmedia&parent=34424"}],"wp:term":[{"taxonomy":"category","embeddable":true,"href":"https:\/\/www.interaccionnoticias.com.mx\/index.php?rest_route=%2Fwp%2Fv2%2Fcategories&post=34424"},{"taxonomy":"post_tag","embeddable":true,"href":"https:\/\/www.interaccionnoticias.com.mx\/index.php?rest_route=%2Fwp%2Fv2%2Ftags&post=34424"}],"curies":[{"name":"wp","href":"https:\/\/api.w.org\/{rel}","templated":true}]}}