{"id":34409,"date":"2021-06-28T17:36:00","date_gmt":"2021-06-28T22:36:00","guid":{"rendered":"http:\/\/www.inter-accion.com.mx\/?p=34409"},"modified":"2021-06-28T17:36:00","modified_gmt":"2021-06-28T22:36:00","slug":"34409","status":"publish","type":"post","link":"https:\/\/www.interaccionnoticias.com.mx\/?p=34409","title":{"rendered":"Hubo hasta agresiones armadas, pero la gente defendi\u00f3 su voto por Morena"},"content":{"rendered":"\n<p><strong><em>&#8211; El dirigente estatal del partido reconoci\u00f3 la valent\u00eda de los acapulque\u00f1os<\/em><\/strong><\/p>\n\n\n\n<p><strong>SNI, Chilpancingo, Gro., 28 de junio de 2021.- <\/strong>El dirigente estatal de Morena, Marcial Rodr\u00edguez Salda\u00f1a, agradeci\u00f3 el respaldo\u00a0valiente y decidido de los acapulque\u00f1os a las candidaturas de Evelyn Salgado Pineda para gobernadora y Abelina L\u00f3pez como presidenta municipal.\u00a0<\/p>\n\n\n\n<p>En el mitin realizado esta ma\u00f1ana en la colonia La Laja, hizo un reconocimiento a quienes promovieron, votaron y defendieron los sufragios a favor de Morena.<\/p>\n\n\n\n<p>\u00abLucharon arriesgando hasta su vida, aqu\u00ed hubo agresiones a balazos contra compa\u00f1eros\u00bb, expuso.&nbsp;<\/p>\n\n\n\n<p>Rodr\u00edguez Salda\u00f1a destac\u00f3 que La Laja es \u00abuna colonia emblem\u00e1tica de luchadoras y luchadores sociales\u00bb, quienes participaron valientemente para llevar al triunfo a Evelyn Salgado como la primera mujer gobernadora de Guerrero.&nbsp;<\/p>\n\n\n\n<p>El l\u00edder partidista subray\u00f3 que Morena gan\u00f3 tambi\u00e9n los municipios m\u00e1s importantes, la mayor\u00eda en el Congreso local y el mayor n\u00famero de diputados federales.&nbsp;<\/p>\n\n\n\n<p>El proceso electoral, dijo, \u00abfue muy dif\u00edcil\u00bb, pues el INE y el TEPJF \u00abpusieron muchas piedras grandes en el camino\u00bb.<\/p>\n\n\n\n<p>Sin embargo, destac\u00f3 que \u00abgracias a la voluntad&nbsp;del pueblo Morena va a gobernar Guerrero\u00bb.<\/p>\n\n\n\n<p>Rodr\u00edguez Salda\u00f1a tambi\u00e9n reconoci\u00f3 que \u00absin la decisi\u00f3n y determinaci\u00f3n de F\u00e9lix Salgado Macedonio hubiera sido muy dif\u00edcil ganar esta lucha\u00bb.<\/p>\n\n\n\n<p>Lo que sigue, dijo, es que Evelyn Salgado Pineda encabece un gobierno popular, con gran respaldo del pueblo y en absoluta coordinaci\u00f3n con la Federaci\u00f3n y los ayuntamientos.<\/p>\n","protected":false},"excerpt":{"rendered":"<p>&#8211; El dirigente estatal del partido reconoci\u00f3 la valent\u00eda de los acapulque\u00f1os SNI, Chilpancingo, Gro., 28 de junio de 2021.- El dirigente estatal de Morena, Marcial Rodr\u00edguez Salda\u00f1a, agradeci\u00f3 el&hellip; <\/p>\n","protected":false},"author":1,"featured_media":34392,"comment_status":"open","ping_status":"open","sticky":false,"template":"","format":"standard","meta":{"fifu_image_url":"","fifu_image_alt":"","footnotes":""},"categories":[21],"tags":[],"class_list":["post-34409","post","type-post","status-publish","format-standard","has-post-thumbnail","hentry","category-politica"],"_links":{"self":[{"href":"https:\/\/www.interaccionnoticias.com.mx\/index.php?rest_route=\/wp\/v2\/posts\/34409","targetHints":{"allow":["GET"]}}],"collection":[{"href":"https:\/\/www.interaccionnoticias.com.mx\/index.php?rest_route=\/wp\/v2\/posts"}],"about":[{"href":"https:\/\/www.interaccionnoticias.com.mx\/index.php?rest_route=\/wp\/v2\/types\/post"}],"author":[{"embeddable":true,"href":"https:\/\/www.interaccionnoticias.com.mx\/index.php?rest_route=\/wp\/v2\/users\/1"}],"replies":[{"embeddable":true,"href":"https:\/\/www.interaccionnoticias.com.mx\/index.php?rest_route=%2Fwp%2Fv2%2Fcomments&post=34409"}],"version-history":[{"count":0,"href":"https:\/\/www.interaccionnoticias.com.mx\/index.php?rest_route=\/wp\/v2\/posts\/34409\/revisions"}],"wp:featuredmedia":[{"embeddable":true,"href":"https:\/\/www.interaccionnoticias.com.mx\/index.php?rest_route=\/wp\/v2\/media\/34392"}],"wp:attachment":[{"href":"https:\/\/www.interaccionnoticias.com.mx\/index.php?rest_route=%2Fwp%2Fv2%2Fmedia&parent=34409"}],"wp:term":[{"taxonomy":"category","embeddable":true,"href":"https:\/\/www.interaccionnoticias.com.mx\/index.php?rest_route=%2Fwp%2Fv2%2Fcategories&post=34409"},{"taxonomy":"post_tag","embeddable":true,"href":"https:\/\/www.interaccionnoticias.com.mx\/index.php?rest_route=%2Fwp%2Fv2%2Ftags&post=34409"}],"curies":[{"name":"wp","href":"https:\/\/api.w.org\/{rel}","templated":true}]}}