{"id":34405,"date":"2021-06-28T17:23:00","date_gmt":"2021-06-28T22:23:00","guid":{"rendered":"http:\/\/www.inter-accion.com.mx\/?p=34405"},"modified":"2021-06-28T17:23:00","modified_gmt":"2021-06-28T22:23:00","slug":"34405","status":"publish","type":"post","link":"https:\/\/www.interaccionnoticias.com.mx\/?p=34405","title":{"rendered":"Para julio, la creaci\u00f3n de cuatro nuevos municipios"},"content":{"rendered":"\n<p><strong><em>&#8211; Ya es un acuerdo entre las fuerzas pol\u00edticas que integran al Congreso<\/em><\/strong><\/p>\n\n\n\n<p><strong>Rogelio Agust\u00edn<\/strong><\/p>\n\n\n\n<p>El presidente de la Junta de Coordinaci\u00f3n Pol\u00edtica (Jucopo) del Congreso local, Alfredo S\u00e1nchez Esquivel sostuvo que para el mes de julio, Guerrero podr\u00eda tener cuatro nuevos municipios, debo al avance que llevan los trabajos en cuatro casos ya afianzados.<\/p>\n\n\n\n<p>S\u00e1nchez Esquivel sostuvo que Guerrero est\u00e1 pr\u00e1cticamente en la antesala de incrementar a 85 el n\u00famero de municipios que lo integran.<\/p>\n\n\n\n<p>Coment\u00f3 que se trata de dos municipios demandados en la zona Afro mexicana y dos m\u00e1s en zonas ind\u00edgenas, lo que implica un acto de reconocimiento y de justicia social.<\/p>\n\n\n\n<p>Indic\u00f3: \u201cSe trata de pueblos que tienen derecho de gobernarse, de hacer pol\u00edtica y de definir el uso de sus recursos, sin separarse nunca del marco legal\u201d.<\/p>\n\n\n\n<p>Explic\u00f3 que se trata de Coapinola, que se pretende segregar de Ayutla de los Libres; Las Vigas, que va a separarse de San Marcos; San Nicol\u00e1s, que se separa de Cuajnicuilapa y Santa Cruz del Rinc\u00f3n, que se separa de Malinaltepec.<\/p>\n\n\n\n<p>Admiti\u00f3 que en el caso de Ayutla de los Libres, hay un grupo muy importante de actores pol\u00edticos que est\u00e1n en contra del surgimiento del nuevo municipio de Coapinola, pues consideran que perjudica a sus intereses.<\/p>\n\n\n\n<p>Sin embargo, dijo que son las comunidades de la zona Na savi los que decidieron separarse y declarar la creaci\u00f3n de un nuevo municipio, de tal manera que no queda m\u00e1s alternativa que hacer caso y respaldarlos en el Congreso.<\/p>\n\n\n\n<p>\u201cNosotros mandamos obedeciendo, la instrucci\u00f3n fue directa por parte de los propios ind\u00edgenas, sus l\u00edderes y sus comisarios, por eso es que estamos empujando y apoyando\u201d, destac\u00f3.<\/p>\n\n\n\n<p>En consecuencia, dijo que es pr\u00e1cticamente un hecho que los cuatro nuevos municipios se estar\u00e1n creando en el mes de julio, antes de que culmine el Periodo de Ejercicio Constitucional de la 62 Legislatura de Guerrero, ya que existe un acuerdo en ese tema con los grupos parlamentarios del PRI, PRD, adem\u00e1s de las representaciones del PT, PVEM, PAN y MC.<\/p>\n","protected":false},"excerpt":{"rendered":"<p>&#8211; Ya es un acuerdo entre las fuerzas pol\u00edticas que integran al Congreso Rogelio Agust\u00edn El presidente de la Junta de Coordinaci\u00f3n Pol\u00edtica (Jucopo) del Congreso local, Alfredo S\u00e1nchez Esquivel&hellip; <\/p>\n","protected":false},"author":1,"featured_media":34389,"comment_status":"open","ping_status":"open","sticky":false,"template":"","format":"standard","meta":{"fifu_image_url":"","fifu_image_alt":"","footnotes":""},"categories":[2],"tags":[44],"class_list":["post-34405","post","type-post","status-publish","format-standard","has-post-thumbnail","hentry","category-congreso","tag-alfredo-sanchez-esquivel"],"_links":{"self":[{"href":"https:\/\/www.interaccionnoticias.com.mx\/index.php?rest_route=\/wp\/v2\/posts\/34405","targetHints":{"allow":["GET"]}}],"collection":[{"href":"https:\/\/www.interaccionnoticias.com.mx\/index.php?rest_route=\/wp\/v2\/posts"}],"about":[{"href":"https:\/\/www.interaccionnoticias.com.mx\/index.php?rest_route=\/wp\/v2\/types\/post"}],"author":[{"embeddable":true,"href":"https:\/\/www.interaccionnoticias.com.mx\/index.php?rest_route=\/wp\/v2\/users\/1"}],"replies":[{"embeddable":true,"href":"https:\/\/www.interaccionnoticias.com.mx\/index.php?rest_route=%2Fwp%2Fv2%2Fcomments&post=34405"}],"version-history":[{"count":0,"href":"https:\/\/www.interaccionnoticias.com.mx\/index.php?rest_route=\/wp\/v2\/posts\/34405\/revisions"}],"wp:featuredmedia":[{"embeddable":true,"href":"https:\/\/www.interaccionnoticias.com.mx\/index.php?rest_route=\/wp\/v2\/media\/34389"}],"wp:attachment":[{"href":"https:\/\/www.interaccionnoticias.com.mx\/index.php?rest_route=%2Fwp%2Fv2%2Fmedia&parent=34405"}],"wp:term":[{"taxonomy":"category","embeddable":true,"href":"https:\/\/www.interaccionnoticias.com.mx\/index.php?rest_route=%2Fwp%2Fv2%2Fcategories&post=34405"},{"taxonomy":"post_tag","embeddable":true,"href":"https:\/\/www.interaccionnoticias.com.mx\/index.php?rest_route=%2Fwp%2Fv2%2Ftags&post=34405"}],"curies":[{"name":"wp","href":"https:\/\/api.w.org\/{rel}","templated":true}]}}