{"id":34401,"date":"2021-06-28T16:50:00","date_gmt":"2021-06-28T21:50:00","guid":{"rendered":"http:\/\/www.inter-accion.com.mx\/?p=34401"},"modified":"2021-06-28T16:50:00","modified_gmt":"2021-06-28T21:50:00","slug":"34401","status":"publish","type":"post","link":"https:\/\/www.interaccionnoticias.com.mx\/?p=34401","title":{"rendered":"Plantea Astudillo rendir su \u00faltimo informe ante el Pleno del Congreso"},"content":{"rendered":"\n<p><em><strong>&#8211; Anticipa que entregar\u00e1 toda la informaci\u00f3n necesaria para que el nuevo gobierno comience bien<\/strong><\/em><\/p>\n\n\n\n<p><strong>Rogelio Agust\u00edn<\/strong><\/p>\n\n\n\n<p>El gobernador H\u00e9ctor Astudillo Flores manifest\u00f3 su inter\u00e9s de acudir al Congreso para dirigir un mensaje ante el Pleno, en el marco de su \u00faltimo informe de labores y manifest\u00f3 que no descarta la posibilidad de sostener algunas reuniones previas en el tema de la entrega recepci\u00f3n, en el entendido de que pretende aportar todo lo necesario \u201cpara que el nuevo gobierno comience bien\u201d.<\/p>\n\n\n\n<p>Astudillo Flores coment\u00f3 que durante la jornada del lunes 28 de junio sostendr\u00eda una reuni\u00f3n con los integrantes de su gabinete, para afinar detalles sobre el env\u00edo del informe de labores al Congreso local.<\/p>\n\n\n\n<p>Dijo que el documento que integra al sexto y \u00faltimo informe esta terminado, se revis\u00f3 y mand\u00f3 a imprimir, de tal suerte que solicitar\u00e1 a la Mesa Directiva que acepte que acuda el pr\u00f3ximo 15 de julio en la sede oficial del Poder Ejecutivo de Guerrero.<\/p>\n\n\n\n<p>Indic\u00f3 que pretende estar ante el Pleno para dirigir un mensaje a la sociedad, lo que implica escuchar los posicionamientos de una Legislatura cuya correlaci\u00f3n de fuerzas no es favorable para el PRI, partido pol\u00edtico que lo impuls\u00f3 en los comicios de 2015.<\/p>\n\n\n\n<p>Frente a dicho escenario, Astudillo Flores manifest\u00f3 que esa es la realidad a la que se enfrentan todos los actores inmersos en la actividad pol\u00edtica: \u201cEsos son gajes del oficio\u201d.<\/p>\n\n\n\n<p>Explic\u00f3: \u201cAl final de cuentas, creo que es una obligaci\u00f3n informar y pues hacer presencia donde se tiene que hacer. Lo m\u00e1s sencillo ser\u00eda mandar el informe por escrito y que despu\u00e9s vayan los secretarios, pero yo creo que es importante acudir\u201d.<\/p>\n\n\n\n<p>Record\u00f3 que Guerrero ha vivido momentos sumamente complicados por el tema de la pandemia del Covid-19, lo que merece exponerse ante los representantes populares.<\/p>\n\n\n\n<p>Tambi\u00e9n dijo que le interesa hablar con los diputados locales sobre el desarrollo del proceso electoral, adem\u00e1s de comentar lo relacionado con el sector econ\u00f3mico y tambi\u00e9n lo que tiene que ver con la seguridad p\u00fablica.<\/p>\n\n\n\n<p>Indic\u00f3: \u201cCreo que es importante dar cuenta por los seis a\u00f1os, yo tengo todo el inter\u00e9s de dar cuenta de lo hecho durante seis a\u00f1os en materia de seguridad, turismo, desarrollo econ\u00f3mico, salud y educaci\u00f3n, sin olvidarnos de que el tema del Covid-19 nos fren\u00f3 y limit\u00f3 de manera importante.<\/p>\n\n\n\n<p>\u201cGuerrero no est\u00e1 estancado, est\u00e1 caminando, aunque debemos de seguirnos cuidando, porque el Covid-19 no se ha ido\u201d, asever\u00f3.<\/p>\n\n\n\n<p>Plantea una entrega recepci\u00f3n transparente, oportuna y ordenada<\/p>\n\n\n\n<p>Cuestionado sobre el tema de la entrega recepci\u00f3n, el jefe del Ejecutivo local record\u00f3 que se trata de un asunto regulado en un acuerdo publicado en el Peri\u00f3dico Oficial, que establece un plazo de 25 d\u00edas, lo que indica que dichos trabajos se comenzar\u00edan a desarrollar en el mes de septiembre.<\/p>\n\n\n\n<p>Sin embargo anot\u00f3: \u201cYo no tendr\u00eda ning\u00fan inconveniente en tener reuniones previas, porque mi prop\u00f3sito es entregar bien, hacer una transici\u00f3n correcta, transparente y oportuna\u201d.<\/p>\n\n\n\n<p>Por eso indic\u00f3: \u201cNo tendr\u00e9 ning\u00fan inconveniente en tener reuniones previas para dar informaci\u00f3n y ayudar, colaborar, para que quienes lleguen con el nuevo gobierno, tengan los elementos para comenzar bien\u201d.<\/p>\n","protected":false},"excerpt":{"rendered":"<p>&#8211; Anticipa que entregar\u00e1 toda la informaci\u00f3n necesaria para que el nuevo gobierno comience bien Rogelio Agust\u00edn El gobernador H\u00e9ctor Astudillo Flores manifest\u00f3 su inter\u00e9s de acudir al Congreso para&hellip; <\/p>\n","protected":false},"author":1,"featured_media":34391,"comment_status":"open","ping_status":"open","sticky":false,"template":"","format":"standard","meta":{"fifu_image_url":"","fifu_image_alt":"","footnotes":""},"categories":[11],"tags":[115],"class_list":["post-34401","post","type-post","status-publish","format-standard","has-post-thumbnail","hentry","category-guerrero","tag-hector-astudillo-2"],"_links":{"self":[{"href":"https:\/\/www.interaccionnoticias.com.mx\/index.php?rest_route=\/wp\/v2\/posts\/34401","targetHints":{"allow":["GET"]}}],"collection":[{"href":"https:\/\/www.interaccionnoticias.com.mx\/index.php?rest_route=\/wp\/v2\/posts"}],"about":[{"href":"https:\/\/www.interaccionnoticias.com.mx\/index.php?rest_route=\/wp\/v2\/types\/post"}],"author":[{"embeddable":true,"href":"https:\/\/www.interaccionnoticias.com.mx\/index.php?rest_route=\/wp\/v2\/users\/1"}],"replies":[{"embeddable":true,"href":"https:\/\/www.interaccionnoticias.com.mx\/index.php?rest_route=%2Fwp%2Fv2%2Fcomments&post=34401"}],"version-history":[{"count":0,"href":"https:\/\/www.interaccionnoticias.com.mx\/index.php?rest_route=\/wp\/v2\/posts\/34401\/revisions"}],"wp:featuredmedia":[{"embeddable":true,"href":"https:\/\/www.interaccionnoticias.com.mx\/index.php?rest_route=\/wp\/v2\/media\/34391"}],"wp:attachment":[{"href":"https:\/\/www.interaccionnoticias.com.mx\/index.php?rest_route=%2Fwp%2Fv2%2Fmedia&parent=34401"}],"wp:term":[{"taxonomy":"category","embeddable":true,"href":"https:\/\/www.interaccionnoticias.com.mx\/index.php?rest_route=%2Fwp%2Fv2%2Fcategories&post=34401"},{"taxonomy":"post_tag","embeddable":true,"href":"https:\/\/www.interaccionnoticias.com.mx\/index.php?rest_route=%2Fwp%2Fv2%2Ftags&post=34401"}],"curies":[{"name":"wp","href":"https:\/\/api.w.org\/{rel}","templated":true}]}}