{"id":34397,"date":"2021-06-28T17:07:00","date_gmt":"2021-06-28T22:07:00","guid":{"rendered":"http:\/\/www.inter-accion.com.mx\/?p=34397"},"modified":"2021-06-28T17:07:00","modified_gmt":"2021-06-28T22:07:00","slug":"34397","status":"publish","type":"post","link":"https:\/\/www.interaccionnoticias.com.mx\/?p=34397","title":{"rendered":"SAIA: Alfredo S\u00e1nchez s\u00ed ha acreditado su condici\u00f3n de ind\u00edgena"},"content":{"rendered":"\n<p><strong><em>&#8211; El actual l\u00edder del Congreso aport\u00f3 documentos que avalan la constancia emitida por la dependencia, a cargo de Javier Rojas Benito<\/em><\/strong><\/p>\n\n\n\n<p><strong>Rogelio Agust\u00edn<\/strong><\/p>\n\n\n\n<p>El titular de la Secretar\u00eda de Asuntos Ind\u00edgenas y Afromexicanos (SAIA), Javier Rojas Benito sostuvo que el actual presidente de la Junta de Coordinaci\u00f3n Po\u00edtica (Jucopo) del Congreso local, Alfredo S\u00e1nchez Esquivel s\u00ed es un ind\u00edgena de origen Me\u00b4 phaa \u201cpor auto adscripci\u00f3n\u201d.<\/p>\n\n\n\n<p>V\u00eda telef\u00f3nica, Rojas Benito coment\u00f3 que las constancias de identidad ind\u00edgenas que expide la dependencia a su cargo se encuentran sustentadas en lo que establece la ley.<\/p>\n\n\n\n<p>Explic\u00f3 que de acuerdo con una reforma aprobada en el 2019, en el art\u00edculo segundo Constitucional, apartado B, estipula que todos los mexicanos tienen el derecho de declararse ind\u00edgenas de dos manera; la primera a partir de que se es originario de alguna comunidad, hablar una lengua y la otra es por la auto adscripci\u00f3n.<\/p>\n\n\n\n<p>Esa posibilidad de manejarse dentro de la auto adscripci\u00f3n, dijo que se encuentra prevista en la Constituci\u00f3n Pol\u00edtica del Estado, incluso en el art\u00edculo 15 de la Ley 701, lo que incluso fue avalado por la Suprema Corte de Justicia de la Naci\u00f3n (SCJN).<\/p>\n\n\n\n<p>Bajo dichos criterios, se\u00f1al\u00f3 que en la SAIA se han atendido a m\u00e1s de 300 personas que han solicitado la constancia correspondiente para acreditar su origen ind\u00edgena.<\/p>\n\n\n\n<p>De las 300 solicitudes, se han extendidos la constancias correspondientes a 300 personas, lo que implica que no todos han conseguido el documento requerido.<\/p>\n\n\n\n<p>Explic\u00f3: \u201cPor cada constancia liberada nosotros tenemos un expediente de documentos personales, documentos que en su caso, acreditan la auto adscripci\u00f3n\u201d.<\/p>\n\n\n\n<p>Agreg\u00f3 que se toma como criterio los lineamientos que ha establecido el Instituto Estatal y de Participaci\u00f3n Ciudadana (IEPC), que est\u00e1n contenidos en diversas disposiciones legales para la postulaci\u00f3n de personas con origen ind\u00edgena o afromexicano.<\/p>\n\n\n\n<p>Sostuvo que las constancias que se han emitido se encuentran bien fundamentadas, apegadas a la norma y por lo tanto, donde se genera un problema de car\u00e1cter partidista ya no se tiene competencia.<\/p>\n\n\n\n<p>A pregunta expresa, dijo que el actual presidente de la Jucopo s\u00ed acredita su condici\u00f3n de ind\u00edgena Me\u00b4Phaa.<\/p>\n\n\n\n<p>\u201cPor Auto adscripci\u00f3n, as\u00ed lo solicit\u00f3 y as\u00ed lo acredit\u00f3\u201d, se\u00f1al\u00f3 el funcionario, lo que se encuentra amparado en diferentes documentos aportados por el diputado S\u00e1nchez Esquivel.<\/p>\n\n\n\n<p>A pregunta expresa, refiri\u00f3 que se trata de \u201cfotograf\u00edas, actas de reuniones y minutas de trabajo que ha sostenido con el pueblo Me\u00b4Phaa\u201d.<\/p>\n","protected":false},"excerpt":{"rendered":"<p>&#8211; El actual l\u00edder del Congreso aport\u00f3 documentos que avalan la constancia emitida por la dependencia, a cargo de Javier Rojas Benito Rogelio Agust\u00edn El titular de la Secretar\u00eda de&hellip; <\/p>\n","protected":false},"author":1,"featured_media":34357,"comment_status":"open","ping_status":"open","sticky":false,"template":"","format":"standard","meta":{"fifu_image_url":"","fifu_image_alt":"","footnotes":""},"categories":[21],"tags":[],"class_list":["post-34397","post","type-post","status-publish","format-standard","has-post-thumbnail","hentry","category-politica"],"_links":{"self":[{"href":"https:\/\/www.interaccionnoticias.com.mx\/index.php?rest_route=\/wp\/v2\/posts\/34397","targetHints":{"allow":["GET"]}}],"collection":[{"href":"https:\/\/www.interaccionnoticias.com.mx\/index.php?rest_route=\/wp\/v2\/posts"}],"about":[{"href":"https:\/\/www.interaccionnoticias.com.mx\/index.php?rest_route=\/wp\/v2\/types\/post"}],"author":[{"embeddable":true,"href":"https:\/\/www.interaccionnoticias.com.mx\/index.php?rest_route=\/wp\/v2\/users\/1"}],"replies":[{"embeddable":true,"href":"https:\/\/www.interaccionnoticias.com.mx\/index.php?rest_route=%2Fwp%2Fv2%2Fcomments&post=34397"}],"version-history":[{"count":0,"href":"https:\/\/www.interaccionnoticias.com.mx\/index.php?rest_route=\/wp\/v2\/posts\/34397\/revisions"}],"wp:featuredmedia":[{"embeddable":true,"href":"https:\/\/www.interaccionnoticias.com.mx\/index.php?rest_route=\/wp\/v2\/media\/34357"}],"wp:attachment":[{"href":"https:\/\/www.interaccionnoticias.com.mx\/index.php?rest_route=%2Fwp%2Fv2%2Fmedia&parent=34397"}],"wp:term":[{"taxonomy":"category","embeddable":true,"href":"https:\/\/www.interaccionnoticias.com.mx\/index.php?rest_route=%2Fwp%2Fv2%2Fcategories&post=34397"},{"taxonomy":"post_tag","embeddable":true,"href":"https:\/\/www.interaccionnoticias.com.mx\/index.php?rest_route=%2Fwp%2Fv2%2Ftags&post=34397"}],"curies":[{"name":"wp","href":"https:\/\/api.w.org\/{rel}","templated":true}]}}