{"id":34356,"date":"2021-06-27T19:47:19","date_gmt":"2021-06-28T00:47:19","guid":{"rendered":"http:\/\/www.inter-accion.com.mx\/?p=34356"},"modified":"2021-06-27T19:47:19","modified_gmt":"2021-06-28T00:47:19","slug":"34356","status":"publish","type":"post","link":"https:\/\/www.interaccionnoticias.com.mx\/?p=34356","title":{"rendered":"Agraviada por el IEPC y Morena, pide que Alfredo S\u00e1nchez compruebe su origen ind\u00edgena"},"content":{"rendered":"\n<p><strong><em>&#8211; Yesenia Hern\u00e1ndez es joven, mujer y habla Tu\u00b4 un savi, asegura que Morena y el IEPC vulneraron sus derechos al asignar la curul que le corresponde a un var\u00f3n<\/em><\/strong><\/p>\n\n\n\n<p><strong>Rogelio Agust\u00edn<\/strong><\/p>\n\n\n\n<p><strong>Chilpancingo, Gro., 27 de junio 2021.-<\/strong> La joven mujer ind\u00edgena, Yesenia Hern\u00e1ndez Jer\u00f3nimo, quien es hablante de la lengua tu\u2019un savi y que particip\u00f3 en el proceso interno de Morena, donde sali\u00f3 insaculada para ocupar un espacio plurinominal en el Congreso local, denunci\u00f3 que el Instituto Electoral y de Participaci\u00f3n Ciudadana (IEPC) vulner\u00f3 sus derechos al otorgar su espacio a un var\u00f3n, por lo que llam\u00f3 al Tribunal electoral del Estado de Guerrero a rectificar dicha decisi\u00f3n, que afecta al g\u00e9nero femenino.<\/p>\n\n\n\n<p>Hern\u00e1ndez Jer\u00f3nimo es originaria de la Monta\u00f1a Alta de Guerrero, se inscribi\u00f3 en el mes de enero en los registros de espacios plurinominales al Congreso de Guerrero, mismos que fueron insaculados o por t\u00f3mbola donde, obtuvo la sexta f\u00f3rmula correspondiente a mujer.<\/p>\n\n\n\n<p>Sin embargo, destac\u00f3 que Morena \u201cimpuso\u201d las primeras 4 posiciones, a pesar de que van en contra del estatuto, por lo que afirma que dicho instituto pol\u00edtico le vulner\u00f3 sus derechos.<\/p>\n\n\n\n<p>Indic\u00f3: \u201cSe impusieron cuatro personas, me acerqu\u00e9 al partido para pedir que esas personas no participar\u00e1n, pero la Sala Regional del Tribunal Electoral los tumb\u00f3 y \u00bfQu\u00e9 hizo el partido? Registr\u00f3 a las mismas formulas, seg\u00fan dicen que por tiempos electorales o por estrategia pol\u00edtica\u201d.<\/p>\n\n\n\n<p>Bajo dicha circunstancia, manifest\u00f3 que no ha pedido apoyo a la dirigencia de Morena porque desde el primer momento vulner\u00f3 sus derechos.<\/p>\n\n\n\n<p>Adem\u00e1s, dijo que el IEPC realiz\u00f3 una interpretaci\u00f3n y aplicaci\u00f3n err\u00e1tica, parcial, incongruente e ilegal de la ley, pues de una interpretaci\u00f3n l\u00f3gica jur\u00eddico de la norma, el partido MORENA le corresponde seis mujeres y un hombre, pero sin exponer las causas, motivos o circunstancias especiales, asign\u00f3 a dos hombres y cinco mujeres, es decir, la dejan fuera.<\/p>\n\n\n\n<p>Con esa distribuci\u00f3n, asegur\u00f3 que el IEPC viol\u00f3 el principio de la paridad sustantiva.<\/p>\n\n\n\n<p>Por esa raz\u00f3n, dijo que levanta la voz porque no la consideran como uno de los sectores de los grupos de vulnerabilidad, a pesar de que cumple con todos los requisitos.<\/p>\n\n\n\n<p>Explic\u00f3: \u201cYo cumplo con todos los requisitos para ocupar un cargo p\u00fablico, soy joven (tiene 29 a\u00f1os), soy ind\u00edgena y soy mujer. Entonces se me violentaron mis derechos pol\u00edticos en raz\u00f3n de g\u00e9nero\u00bb.<\/p>\n\n\n\n<p>Hern\u00e1ndez ya impugn\u00f3 y el caso est\u00e1 en manos del Tribunal Electoral del estado (TEE), desde donde ya se le notific\u00f3 -v\u00eda estrados- de la admisi\u00f3n, por lo que est\u00e1 a la espera de que sesionen y den un resultado positivo, caso contrario, anunci\u00f3 que acudir\u00e1 a la Sala Superior.<\/p>\n\n\n\n<p><strong>S\u00e1nchez Esquivel debe demostrar su origen ind\u00edgena<\/strong><\/p>\n\n\n\n<p>Yesenia Hern\u00e1ndez fue cuestionada respecto al espacio que le fue otorgado en continuidad al actual presidente de la Junta local de Coordinaci\u00f3n Pol\u00edtica (Jucopo) del Congreso local, Alfredo S\u00e1nchez Esquivel.<\/p>\n\n\n\n<p>Ella asegura que el actual l\u00edder del Congreso debe de comprobar que pertenece a una cultura de los pueblos originarios, siendo una asamblea p\u00fablica popular la que lo respalde, para despejar cualquier duda en torno a la presunta usurpaci\u00f3n de identidad.<\/p>\n\n\n\n<p>En cuanto al hecho de que la esposa del mismo diputado vaya como suplente, dijo que sin duda es algo completamente extra\u00f1o, pues a la mayor\u00eda de los que participaron en el proceso interno \u201cno tuvieron la oportunidad de asignar o proponer a suplentes\u201d.<\/p>\n\n\n\n<p>Insisti\u00f3 en que \u201ces importante se estudie bien este caso ya que puede no existir un empoderamiento real de las mujeres\u00bb.<\/p>\n","protected":false},"excerpt":{"rendered":"<p>&#8211; Yesenia Hern\u00e1ndez es joven, mujer y habla Tu\u00b4 un savi, asegura que Morena y el IEPC vulneraron sus derechos al asignar la curul que le corresponde a un var\u00f3n&hellip; <\/p>\n","protected":false},"author":1,"featured_media":34359,"comment_status":"open","ping_status":"open","sticky":false,"template":"","format":"standard","meta":{"fifu_image_url":"","fifu_image_alt":"","footnotes":""},"categories":[25],"tags":[119,120,147],"class_list":["post-34356","post","type-post","status-publish","format-standard","has-post-thumbnail","hentry","category-ruta-2021","tag-iepc","tag-iepcgro","tag-morena"],"_links":{"self":[{"href":"https:\/\/www.interaccionnoticias.com.mx\/index.php?rest_route=\/wp\/v2\/posts\/34356","targetHints":{"allow":["GET"]}}],"collection":[{"href":"https:\/\/www.interaccionnoticias.com.mx\/index.php?rest_route=\/wp\/v2\/posts"}],"about":[{"href":"https:\/\/www.interaccionnoticias.com.mx\/index.php?rest_route=\/wp\/v2\/types\/post"}],"author":[{"embeddable":true,"href":"https:\/\/www.interaccionnoticias.com.mx\/index.php?rest_route=\/wp\/v2\/users\/1"}],"replies":[{"embeddable":true,"href":"https:\/\/www.interaccionnoticias.com.mx\/index.php?rest_route=%2Fwp%2Fv2%2Fcomments&post=34356"}],"version-history":[{"count":0,"href":"https:\/\/www.interaccionnoticias.com.mx\/index.php?rest_route=\/wp\/v2\/posts\/34356\/revisions"}],"wp:featuredmedia":[{"embeddable":true,"href":"https:\/\/www.interaccionnoticias.com.mx\/index.php?rest_route=\/wp\/v2\/media\/34359"}],"wp:attachment":[{"href":"https:\/\/www.interaccionnoticias.com.mx\/index.php?rest_route=%2Fwp%2Fv2%2Fmedia&parent=34356"}],"wp:term":[{"taxonomy":"category","embeddable":true,"href":"https:\/\/www.interaccionnoticias.com.mx\/index.php?rest_route=%2Fwp%2Fv2%2Fcategories&post=34356"},{"taxonomy":"post_tag","embeddable":true,"href":"https:\/\/www.interaccionnoticias.com.mx\/index.php?rest_route=%2Fwp%2Fv2%2Ftags&post=34356"}],"curies":[{"name":"wp","href":"https:\/\/api.w.org\/{rel}","templated":true}]}}