{"id":34347,"date":"2021-06-25T20:06:44","date_gmt":"2021-06-26T01:06:44","guid":{"rendered":"http:\/\/www.inter-accion.com.mx\/?p=34347"},"modified":"2021-06-25T20:06:44","modified_gmt":"2021-06-26T01:06:44","slug":"34347","status":"publish","type":"post","link":"https:\/\/www.interaccionnoticias.com.mx\/?p=34347","title":{"rendered":"Espacios bien ventilados son fundamentales para frenar el avance de la pandemia por covid 19:Carlos de la Pe\u00f1a"},"content":{"rendered":"\n<p><strong>Rosario Garc\u00eda Orozco<\/strong><\/p>\n\n\n\n<p><strong>Chilpancingo, Gro., 25 de junio del 2021.- <\/strong>La ventilaci\u00f3n es fundamental para contener el avance de la pandemia, que de manera conjunta con la vacunaci\u00f3n, el uso del cubrebocas y la sana distancia podr\u00edan contener la proliferaci\u00f3n del Covid 19, asegur\u00f3 el secretario de Salud, Carlos de la Pe\u00f1a Pintos.<\/p>\n\n\n\n<p>\u201cLa enfermedad se transmite a trav\u00e9s de los aerosoles que despedimos cuando hablamos, gritamos o cantamos, y a trav\u00e9s del cubrebocas tambien se puede filtrar, y m\u00e1s si no se usa; de tal manera que en un espacio cerrado a pesar de la sana distancia puede haber contagios\u201d, explic\u00f3 el funcionario.<\/p>\n\n\n\n<p>Por lo que en un seguimiento que se da a pacientes y circunstancias, se determin\u00f3 que es importante que los espacios donde haya m\u00e1s de dos personas est\u00e9n bien ventilados.<\/p>\n\n\n\n<p>Dijo que para el 31 de agosto, fecha en que se dar\u00e1 inicio a clases presenciales en el nuevo ciclo escolar, ya se debi\u00f3 haber avanzado de manera considerable en la vacunaci\u00f3n, \u201cya fueron vacunados los trabajadores del sector salud y educativo, los adultos mayores, y se avanza en las segundas dosis del grupo de edad de 50 a 59, y primera de 40 a 49 a\u00f1os, y falta avanzar en el grupo de 30 a 39 y de 18 a 29.<\/p>\n\n\n\n<p>\u201cConforme avancemos m\u00e1s la vacuna obviamente los riesgos disminuyen, sin embargo el cubrebocas y la sana distancia siguen siendo obligatorios; hay universidades que est\u00e1n adaptando sus salones para tener una adecuada ventilaci\u00f3n\u201d, mencion\u00f3 De la Pe\u00f1a Pintos.<\/p>\n\n\n\n<p>Agreg\u00f3 que tambi\u00e9n se requiere que los salones de todas las escuelas et\u00e9reas bien ventilados y \u201cse debe contar con un dispositivo para medir la cantidad de bi\u00f3xido de carbono qu\u00e9 hay en cada espacio; las escuelas deber\u00e1n irse adaptando a todas esas circunstancias\u201d.<\/p>\n\n\n\n<p>Explic\u00f3 que la medici\u00f3n del bi\u00f3xido de carbono \u201cnos sirve para verificar que no se eleve de 650 la concentraci\u00f3n de CO2; en ese momento se debe salir del lugar y permitir que se ventile bien\u201d.<\/p>\n\n\n\n<p>Se\u00f1al\u00f3 que para una r\u00e1pida y efectiva ventilaci\u00f3n se pueden colocar ventiladores -que colocados al rev\u00e9s sirven como extractor- para hacer circular el aire m\u00e1s r\u00e1pido, \u201cde esa manera los aerosoles (que puedan contener virus de Covid 19) se disipan y se eliminan\u201d.<\/p>\n\n\n\n<p>Dicha estrategia se difundir\u00e1 a todas las escuelas para que se cuente con todas las medidas de prevenci\u00f3n y sanidad, y tambi\u00e9n fue presentado durante una reuni\u00f3n nacional de atenci\u00f3n y contenci\u00f3n de Covid 19 para que se tome el ejemplo y se aplique tambi\u00e9n en otros estados.<\/p>\n","protected":false},"excerpt":{"rendered":"<p>Rosario Garc\u00eda Orozco Chilpancingo, Gro., 25 de junio del 2021.- La ventilaci\u00f3n es fundamental para contener el avance de la pandemia, que de manera conjunta con la vacunaci\u00f3n, el uso&hellip; <\/p>\n","protected":false},"author":1,"featured_media":34342,"comment_status":"open","ping_status":"open","sticky":false,"template":"","format":"standard","meta":{"fifu_image_url":"","fifu_image_alt":"","footnotes":""},"categories":[3],"tags":[62],"class_list":["post-34347","post","type-post","status-publish","format-standard","has-post-thumbnail","hentry","category-covid-19","tag-carlos-de-la-pena-pintos"],"_links":{"self":[{"href":"https:\/\/www.interaccionnoticias.com.mx\/index.php?rest_route=\/wp\/v2\/posts\/34347","targetHints":{"allow":["GET"]}}],"collection":[{"href":"https:\/\/www.interaccionnoticias.com.mx\/index.php?rest_route=\/wp\/v2\/posts"}],"about":[{"href":"https:\/\/www.interaccionnoticias.com.mx\/index.php?rest_route=\/wp\/v2\/types\/post"}],"author":[{"embeddable":true,"href":"https:\/\/www.interaccionnoticias.com.mx\/index.php?rest_route=\/wp\/v2\/users\/1"}],"replies":[{"embeddable":true,"href":"https:\/\/www.interaccionnoticias.com.mx\/index.php?rest_route=%2Fwp%2Fv2%2Fcomments&post=34347"}],"version-history":[{"count":0,"href":"https:\/\/www.interaccionnoticias.com.mx\/index.php?rest_route=\/wp\/v2\/posts\/34347\/revisions"}],"wp:featuredmedia":[{"embeddable":true,"href":"https:\/\/www.interaccionnoticias.com.mx\/index.php?rest_route=\/wp\/v2\/media\/34342"}],"wp:attachment":[{"href":"https:\/\/www.interaccionnoticias.com.mx\/index.php?rest_route=%2Fwp%2Fv2%2Fmedia&parent=34347"}],"wp:term":[{"taxonomy":"category","embeddable":true,"href":"https:\/\/www.interaccionnoticias.com.mx\/index.php?rest_route=%2Fwp%2Fv2%2Fcategories&post=34347"},{"taxonomy":"post_tag","embeddable":true,"href":"https:\/\/www.interaccionnoticias.com.mx\/index.php?rest_route=%2Fwp%2Fv2%2Ftags&post=34347"}],"curies":[{"name":"wp","href":"https:\/\/api.w.org\/{rel}","templated":true}]}}