{"id":34315,"date":"2021-06-25T17:26:00","date_gmt":"2021-06-25T22:26:00","guid":{"rendered":"http:\/\/www.inter-accion.com.mx\/?p=34315"},"modified":"2021-06-25T17:26:00","modified_gmt":"2021-06-25T22:26:00","slug":"34315","status":"publish","type":"post","link":"https:\/\/www.interaccionnoticias.com.mx\/?p=34315","title":{"rendered":"Marcha el colectivo Los Olvidados de Ayotzinapa"},"content":{"rendered":"\n<p><strong><em>&#8212; Reclaman a la gobernadora electa no desaparecer la Comisi\u00f3n de Atenci\u00f3n a V\u00edctimas<br>&#8212; Dicen desconfiar de todos los gobiernos<\/em><\/strong><\/p>\n\n\n\n<p><strong>Javier Trujillo<\/strong><\/p>\n\n\n\n<p><strong>Acapulco, Gro.-<\/strong> M\u00e1s de 200 empleados municipales, estatales y federales, fueron desalojados del Pacio Federal, ante la llegada de 40 normalistas y familiares que protestan en Acapulco.<\/p>\n\n\n\n<p>Los manifestantes son integrantes del Colectivo Los Olvidados de Ayotzinapa de la normal rural Ra\u00fal Isidro Burgos, quienes en forma pac\u00edfica se plantaron frente al inmueble del Palacio Federal y 40 minutos despu\u00e9s marchan en la Costera Miguel Alem\u00e1n hasta el antimonumento de 43 normalistas.<\/p>\n\n\n\n<p>Los manifestantes demandan a la gobernadora electa, Evelyn Salgado Pineda que apoye a los familiares de las v\u00edctimas de desaparici\u00f3n forzada y a las&nbsp; familias que reciben apoyo de la Comisi\u00f3n de Atenci\u00f3n a V\u00edctimas.<\/p>\n\n\n\n<p>\u00abLas v\u00edctimas deben ser atendidas, como lo mencion\u00f3 el compa\u00f1ero del colectivo de Los Olvidados de Ayotzinapa, del Centro de Atenci\u00f3n a V\u00edctimas que Evelyn Salgado amenaz\u00f3 con cerrar.<\/p>\n\n\n\n<p>\u00abPara nosotros como Ayotzinapa, nos recargados en el di\u00e1logo. Para Ayotzinapa, ni PAN, ni PRD, ni MORENA. Nosotros no confiamos en ninguno de los gobiernos y ninguna de las promesas de campa\u00f1a\u00bb, dijo el representante del colectivo de Los Olvidados de Ayotzinapa.<\/p>\n\n\n\n<p>Los estudiantes y familiares del colectivo marcharon en la Costera Miguel Alem\u00e1n y bloquearon uno de los sentidos que va del Centro a la Base Naval, hasta llegar al antimonumento de los 43.<\/p>\n\n\n\n<p>En tanto, otro grupo de estudiantes y familiares del colectivo, tomaron las garitas de peaje de la Caseta de La Venta, en la Autopista del Sol, donde piden cooperaci\u00f3n \u00abvoluntarias\u00bb de 50 y 100 pesos a los usuarios.<\/p>\n\n\n\n<p>Apenas el pasado 6 de junio, unos 40 estudiantes de la normal de Ayotzinapa, vandalizaron el edificio, rompiendo vidrios y estallando al menos seis artefactos explosivos, causando da\u00f1os al inmueble y despu\u00e9s se retiraron.<\/p>\n","protected":false},"excerpt":{"rendered":"<p>&#8212; Reclaman a la gobernadora electa no desaparecer la Comisi\u00f3n de Atenci\u00f3n a V\u00edctimas&#8212; Dicen desconfiar de todos los gobiernos Javier Trujillo Acapulco, Gro.- M\u00e1s de 200 empleados municipales, estatales&hellip; <\/p>\n","protected":false},"author":1,"featured_media":34316,"comment_status":"open","ping_status":"open","sticky":false,"template":"","format":"standard","meta":{"fifu_image_url":"","fifu_image_alt":"","footnotes":""},"categories":[15],"tags":[136],"class_list":["post-34315","post","type-post","status-publish","format-standard","has-post-thumbnail","hentry","category-movimientos-sociales","tag-los-olvidados-de-ayotzinapa"],"_links":{"self":[{"href":"https:\/\/www.interaccionnoticias.com.mx\/index.php?rest_route=\/wp\/v2\/posts\/34315","targetHints":{"allow":["GET"]}}],"collection":[{"href":"https:\/\/www.interaccionnoticias.com.mx\/index.php?rest_route=\/wp\/v2\/posts"}],"about":[{"href":"https:\/\/www.interaccionnoticias.com.mx\/index.php?rest_route=\/wp\/v2\/types\/post"}],"author":[{"embeddable":true,"href":"https:\/\/www.interaccionnoticias.com.mx\/index.php?rest_route=\/wp\/v2\/users\/1"}],"replies":[{"embeddable":true,"href":"https:\/\/www.interaccionnoticias.com.mx\/index.php?rest_route=%2Fwp%2Fv2%2Fcomments&post=34315"}],"version-history":[{"count":0,"href":"https:\/\/www.interaccionnoticias.com.mx\/index.php?rest_route=\/wp\/v2\/posts\/34315\/revisions"}],"wp:featuredmedia":[{"embeddable":true,"href":"https:\/\/www.interaccionnoticias.com.mx\/index.php?rest_route=\/wp\/v2\/media\/34316"}],"wp:attachment":[{"href":"https:\/\/www.interaccionnoticias.com.mx\/index.php?rest_route=%2Fwp%2Fv2%2Fmedia&parent=34315"}],"wp:term":[{"taxonomy":"category","embeddable":true,"href":"https:\/\/www.interaccionnoticias.com.mx\/index.php?rest_route=%2Fwp%2Fv2%2Fcategories&post=34315"},{"taxonomy":"post_tag","embeddable":true,"href":"https:\/\/www.interaccionnoticias.com.mx\/index.php?rest_route=%2Fwp%2Fv2%2Ftags&post=34315"}],"curies":[{"name":"wp","href":"https:\/\/api.w.org\/{rel}","templated":true}]}}