{"id":34301,"date":"2021-06-24T22:23:30","date_gmt":"2021-06-25T03:23:30","guid":{"rendered":"http:\/\/www.inter-accion.com.mx\/?p=34301"},"modified":"2021-06-24T22:23:30","modified_gmt":"2021-06-25T03:23:30","slug":"34301","status":"publish","type":"post","link":"https:\/\/www.interaccionnoticias.com.mx\/?p=34301","title":{"rendered":"Participa Evelyn Salgado en reuni\u00f3n con AMLO y gobernadores electos de Morena"},"content":{"rendered":"\n<p><strong>Ciudad de M\u00e9xico, 24 de junio de 2021.-<\/strong> La gobernadora electa de Guerrero, Evelyn Salgado Pineda, se reuni\u00f3 en Palacio Nacional con el presidente de la Rep\u00fablica, Andr\u00e9s Manuel L\u00f3pez Obrador.\u00a0<\/p>\n\n\n\n<p>Al encuentro fueron convocados los 11 gobernadores electos por el partido Morena: cinco mujeres y seis hombres.&nbsp;&nbsp;<\/p>\n\n\n\n<p>\u00abA nombre del pueblo de Guerrero, expres\u00e9 nuestro agradecimiento al Presidente Andr\u00e9s Manuel L\u00f3pez Obrador, el mejor presidente que hemos tenido en M\u00e9xico, quien ha demostrado en los hechos su apoyo a las y los guerrerenses\u00bb, inform\u00f3 Salgado Pineda en su p\u00e1gina de Facebook.<\/p>\n\n\n\n<p>Afirm\u00f3 que la Cuarta Transformaci\u00f3n llegar\u00e1 a todos los rincones del pa\u00eds y se consolidar\u00e1 con el trabajo en unidad de las y los gobernadores electos de ese instituto pol\u00edtico.<\/p>\n\n\n\n<p>El mandatario federal y los gobernadores electos conversaron respecto a los retos y acciones necesarias para consolidar la Cuarta Transformaci\u00f3n en sus respectivas entidades.&nbsp;<\/p>\n\n\n\n<p>Los gobernadores electos tuvieron la oportunidad de plantear diversos temas de inter\u00e9s para sus estados, como seguridad p\u00fablica, obras de infraestructura, programas sociales y apoyos a sectores productivos.<\/p>\n\n\n\n<p>Adem\u00e1s, ratificaron su compromiso de trabajar bajo los principios de no mentir, no robar y no traicionar al pueblo y de establecer&nbsp;gobiernos honestos, humildes y humanos, que marquen la diferencia.<\/p>\n\n\n\n<p>L\u00f3pez Obrador manifest\u00f3 su disposici\u00f3n para trabajar en unidad y respaldar las estrategias que se implementen en cada entidad federativa, para garantizar mejores condiciones de bienestar para los mexicanos.&nbsp;<\/p>\n\n\n\n<p>\u00abComimos y platicamos de asuntos de inter\u00e9s\u00bb, indic\u00f3 L\u00f3pez Obrador en sus redes sociales y comparti\u00f3 una fotograf\u00eda con los 11 gobernadores electos.&nbsp;<\/p>\n\n\n\n<p>En la reuni\u00f3n participaron Alfonso Durazo, de Sonora; Marina del Pilar \u00c1vila, de Baja California; V\u00edctor Castro, de Baja California Sur; Layda Sansores, de Campeche; Indira Vizca\u00edno, de Colima; Rub\u00e9n Rocha, de Sinaloa; David Monreal, de Zacatecas; Lorena Cu\u00e9llar, de Tlaxcala; Miguel \u00c1ngel Navarro, de Nayarit y Alfredo Ram\u00edrez Bedolla, de Michoac\u00e1n.<\/p>\n","protected":false},"excerpt":{"rendered":"<p>Ciudad de M\u00e9xico, 24 de junio de 2021.- La gobernadora electa de Guerrero, Evelyn Salgado Pineda, se reuni\u00f3 en Palacio Nacional con el presidente de la Rep\u00fablica, Andr\u00e9s Manuel L\u00f3pez&hellip; <\/p>\n","protected":false},"author":1,"featured_media":34302,"comment_status":"open","ping_status":"open","sticky":false,"template":"","format":"standard","meta":{"fifu_image_url":"","fifu_image_alt":"","footnotes":""},"categories":[11],"tags":[45,89],"class_list":["post-34301","post","type-post","status-publish","format-standard","has-post-thumbnail","hentry","category-guerrero","tag-andres-manuel-lopez-obrador","tag-evelyn-salgado-pineda"],"_links":{"self":[{"href":"https:\/\/www.interaccionnoticias.com.mx\/index.php?rest_route=\/wp\/v2\/posts\/34301","targetHints":{"allow":["GET"]}}],"collection":[{"href":"https:\/\/www.interaccionnoticias.com.mx\/index.php?rest_route=\/wp\/v2\/posts"}],"about":[{"href":"https:\/\/www.interaccionnoticias.com.mx\/index.php?rest_route=\/wp\/v2\/types\/post"}],"author":[{"embeddable":true,"href":"https:\/\/www.interaccionnoticias.com.mx\/index.php?rest_route=\/wp\/v2\/users\/1"}],"replies":[{"embeddable":true,"href":"https:\/\/www.interaccionnoticias.com.mx\/index.php?rest_route=%2Fwp%2Fv2%2Fcomments&post=34301"}],"version-history":[{"count":0,"href":"https:\/\/www.interaccionnoticias.com.mx\/index.php?rest_route=\/wp\/v2\/posts\/34301\/revisions"}],"wp:featuredmedia":[{"embeddable":true,"href":"https:\/\/www.interaccionnoticias.com.mx\/index.php?rest_route=\/wp\/v2\/media\/34302"}],"wp:attachment":[{"href":"https:\/\/www.interaccionnoticias.com.mx\/index.php?rest_route=%2Fwp%2Fv2%2Fmedia&parent=34301"}],"wp:term":[{"taxonomy":"category","embeddable":true,"href":"https:\/\/www.interaccionnoticias.com.mx\/index.php?rest_route=%2Fwp%2Fv2%2Fcategories&post=34301"},{"taxonomy":"post_tag","embeddable":true,"href":"https:\/\/www.interaccionnoticias.com.mx\/index.php?rest_route=%2Fwp%2Fv2%2Ftags&post=34301"}],"curies":[{"name":"wp","href":"https:\/\/api.w.org\/{rel}","templated":true}]}}