{"id":34297,"date":"2021-06-24T20:16:57","date_gmt":"2021-06-25T01:16:57","guid":{"rendered":"http:\/\/www.inter-accion.com.mx\/?p=34297"},"modified":"2021-06-24T20:16:57","modified_gmt":"2021-06-25T01:16:57","slug":"34297","status":"publish","type":"post","link":"https:\/\/www.interaccionnoticias.com.mx\/?p=34297","title":{"rendered":"Lluvias acechan a Guerrero"},"content":{"rendered":"\n<p><strong><em>&#8211; Baja presi\u00f3n se ubica frente a las costas<\/em><\/strong><\/p>\n\n\n\n<p><strong>Javier Trujillo<\/strong><\/p>\n\n\n\n<p><strong>Acapulco, Gro.-<\/strong> La Secretar\u00eda de Protecci\u00f3n Civil Guerrero, informa que una baja presi\u00f3n se localiza frente a las costas del estado de Guerrero, aproximadamente a unos 320 kil\u00f3metros al sur-sureste de Acapulco, y contin\u00faa su trayectoria paralelo al litoral a raz\u00f3n de 16 kil\u00f3metros por hora.<\/p>\n\n\n\n<p>Al mismo tiempo se orden\u00f3 el cierre del puerto a la navegaci\u00f3n y se pide a todas las embarcaciones menores y pesca ribere\u00f1a, extremar medidas por los vientos y oleaje elevado.<\/p>\n\n\n\n<p>Se exhorta a la poblaci\u00f3n para que extreme medidas de precauci\u00f3n, pues la circulaci\u00f3n perif\u00e9rica impulsa aire mar\u00edtimo tropical, favoreciendo condiciones de cielo nublado con la posibilidad de precipitaciones aisladas y tormentas locales dispersas con tormenta el\u00e9ctricas, vientos y ca\u00edda de granizo en partes altas, as\u00ed como la manifestaci\u00f3n de alto oleaje a lo largo de la zona costera.<\/p>\n\n\n\n<p>Al mismo tiempo, la Capitan\u00eda Regional de Puertos en Acapulco, cerr\u00f3 los puertos a la navegaci\u00f3n menor y de pesca ribere\u00f1a.<\/p>\n\n\n\n<p>Las autoridades de la SPC, pide a prestadores de servicios tur\u00edsticos, restauranteros y palapa, extremar precauciones ante el fuerte oleaje que se registrar\u00e1 durante las pr\u00f3ximas horas en este destino.<\/p>\n","protected":false},"excerpt":{"rendered":"<p>&#8211; Baja presi\u00f3n se ubica frente a las costas Javier Trujillo Acapulco, Gro.- La Secretar\u00eda de Protecci\u00f3n Civil Guerrero, informa que una baja presi\u00f3n se localiza frente a las costas&hellip; <\/p>\n","protected":false},"author":1,"featured_media":34296,"comment_status":"open","ping_status":"open","sticky":false,"template":"","format":"standard","meta":{"fifu_image_url":"","fifu_image_alt":"","footnotes":""},"categories":[9],"tags":[],"class_list":["post-34297","post","type-post","status-publish","format-standard","has-post-thumbnail","hentry","category-fenomenos-naturales"],"_links":{"self":[{"href":"https:\/\/www.interaccionnoticias.com.mx\/index.php?rest_route=\/wp\/v2\/posts\/34297","targetHints":{"allow":["GET"]}}],"collection":[{"href":"https:\/\/www.interaccionnoticias.com.mx\/index.php?rest_route=\/wp\/v2\/posts"}],"about":[{"href":"https:\/\/www.interaccionnoticias.com.mx\/index.php?rest_route=\/wp\/v2\/types\/post"}],"author":[{"embeddable":true,"href":"https:\/\/www.interaccionnoticias.com.mx\/index.php?rest_route=\/wp\/v2\/users\/1"}],"replies":[{"embeddable":true,"href":"https:\/\/www.interaccionnoticias.com.mx\/index.php?rest_route=%2Fwp%2Fv2%2Fcomments&post=34297"}],"version-history":[{"count":0,"href":"https:\/\/www.interaccionnoticias.com.mx\/index.php?rest_route=\/wp\/v2\/posts\/34297\/revisions"}],"wp:featuredmedia":[{"embeddable":true,"href":"https:\/\/www.interaccionnoticias.com.mx\/index.php?rest_route=\/wp\/v2\/media\/34296"}],"wp:attachment":[{"href":"https:\/\/www.interaccionnoticias.com.mx\/index.php?rest_route=%2Fwp%2Fv2%2Fmedia&parent=34297"}],"wp:term":[{"taxonomy":"category","embeddable":true,"href":"https:\/\/www.interaccionnoticias.com.mx\/index.php?rest_route=%2Fwp%2Fv2%2Fcategories&post=34297"},{"taxonomy":"post_tag","embeddable":true,"href":"https:\/\/www.interaccionnoticias.com.mx\/index.php?rest_route=%2Fwp%2Fv2%2Ftags&post=34297"}],"curies":[{"name":"wp","href":"https:\/\/api.w.org\/{rel}","templated":true}]}}