{"id":34252,"date":"2021-06-23T20:16:01","date_gmt":"2021-06-24T01:16:01","guid":{"rendered":"http:\/\/www.inter-accion.com.mx\/?p=34252"},"modified":"2021-06-23T20:16:01","modified_gmt":"2021-06-24T01:16:01","slug":"34252","status":"publish","type":"post","link":"https:\/\/www.interaccionnoticias.com.mx\/?p=34252","title":{"rendered":"De Gerza\u00edn Vargas, la primer exposici\u00f3n del renovado teatro Mar\u00eda Luisa Ocampo"},"content":{"rendered":"\n<p><strong><em>&#8211; Bit\u00e1cora Crom\u00e1tica, la exposici\u00f3n<\/em><\/strong><\/p>\n\n\n\n<p><strong>Dassaev T\u00e9llez Adame<\/strong><\/p>\n\n\n\n<p><strong>Chilpancingo, 23 de junio. &#8211;<\/strong> El artista y muralista Gerza\u00edn Vargas, se convierte en el primer expositor de la galer\u00eda de arte instalada en las renovadas instalaciones del teatro &#8216;Ma. Luisa Ocampo&#8217; en Chilpancingo.<\/p>\n\n\n\n<p>En esta primera muestra pict\u00f3rica denominada &#8216;Bit\u00e1cora Crom\u00e1tica&#8217;, se muestran 10 obras, donde se presenta, dicha bit\u00e1cora como herramienta fundamental en la civilizaci\u00f3n humana y poder tener la disciplina de analizar y entender d\u00f3nde estamos, de d\u00f3nde venimos y hacia d\u00f3nde vamos.<\/p>\n\n\n\n<p>Este mi\u00e9rcoles, el gobernador del estado H\u00e9ctor Astudillo Flores realiz\u00f3 el corte de list\u00f3n de la rehabilitaci\u00f3n del teatro &#8216;Mar\u00eda Luisa Ocampo&#8217; en Chilpancingo, junto con el titular de la Secretar\u00eda de Cultura, Mauricio Leyva Castrej\u00f3n, anunciaron una inversi\u00f3n de 5 millones de pesos para rehabilitar y reacondicionar las instalaciones del Auditorio Estatal &#8216;Sentimientos de la Naci\u00f3n&#8217;.<\/p>\n\n\n\n<p>En esta rehabilitaci\u00f3n del teatro, el cual fue inaugurado en el a\u00f1o de 1983, se le mejoraron los espacios que ya ten\u00eda, convirti\u00e9ndolo en un complejo cultural para la presentaci\u00f3n de diversas artes, ya que se le habilitaron, un comedor y una galer\u00eda.<\/p>\n\n\n\n<p>En entrevista, el artista dijo sentirse complacido en ser el primer expositor de esta galer\u00eda, la cual es uno de los pocos espacios que se tienen para los artistas, ya que, en Chilpancingo, solo existen 4 salas de galer\u00edas, siendo estas la del Palacio de Cultura, el Museo \u2018Jos\u00e9 Ju\u00e1rez\u2019, el Museo de Arte Contempor\u00e1neo de la UAGro (ex Pinacoteca de la universidad) y ahora el Teatro Mar\u00eda Luisa Ocampo.<\/p>\n\n\n\n<p>\u201cEs importante tener espacios dignos, como esta galer\u00eda, en Chilpancingo, afortunadamente ya existe el Palacio de la Cultura, que tiene una galer\u00eda de primer nivel y esta nueva galer\u00eda que se abre para artes pl\u00e1sticas y visuales\u2026siento un orgullo, como guerrerense y como chilpancingue\u00f1o, ahora solo puedo decirles a los compa\u00f1eros artistas que no hay pretextos, espacios tenemos para exponer y ahora todos tenemos que ponernos a producir y trabajar\u201d, dijo.<\/p>\n\n\n\n<p>Explico que, el nombre de esta exposici\u00f3n es \u2018Bit\u00e1cora Crom\u00e1tica\u2019, ya que \u201cla bit\u00e1cora, como herramienta fundamental en la civilizaci\u00f3n humana, para poder tener la disciplina de analizar y entender d\u00f3nde estamos, de d\u00f3nde venimos y hacia d\u00f3nde vamos\u201d.<\/p>\n\n\n\n<p>Por lo que, en esta serie de 10 cuadros, Gerza\u00edn Vargas refleja una pausa en este 2021 para poder mostrar su bit\u00e1cora a la ciudadan\u00eda, \u201cde Guerrero, para el mundo entero\u201d, su trabajo donde hace un an\u00e1lisis de formas pasadas y presentes, adem\u00e1s de mostrar trazos futuros que pretende realizar en su trabajo.<\/p>\n\n\n\n<p>Incluso muestra parte de la iconograf\u00eda guerrerense, la simbolog\u00eda, la crom\u00e1tica y la abstracci\u00f3n que los guerrerenses hacen.<\/p>\n\n\n\n<p>\u201cLas bit\u00e1coras se ocupan desde tiempos inmemorables, donde los viajeros, los navegantes, llevaban un registro de sus distancias, sus coordenadas, sus trayectorias, las bit\u00e1coras son fundamentales en la ciencia, para la investigaci\u00f3n, resultados, an\u00e1lisis, son fundamentales en los gobernantes, aparte de la agenda, la bit\u00e1cora personal de un gobernante es fundamental para promover, detonar y desarrollar una sociedad, a trav\u00e9s del pensamiento del gobernante\u2026con compromiso queremos ser mejores seres humanos para mejorar la tierra donde vivimos\u201d, argument\u00f3.<\/p>\n","protected":false},"excerpt":{"rendered":"<p>&#8211; Bit\u00e1cora Crom\u00e1tica, la exposici\u00f3n Dassaev T\u00e9llez Adame Chilpancingo, 23 de junio. &#8211; El artista y muralista Gerza\u00edn Vargas, se convierte en el primer expositor de la galer\u00eda de arte&hellip; <\/p>\n","protected":false},"author":1,"featured_media":34253,"comment_status":"open","ping_status":"open","sticky":false,"template":"","format":"standard","meta":{"fifu_image_url":"","fifu_image_alt":"","footnotes":""},"categories":[29],"tags":[],"class_list":["post-34252","post","type-post","status-publish","format-standard","has-post-thumbnail","hentry","category-sociedad"],"_links":{"self":[{"href":"https:\/\/www.interaccionnoticias.com.mx\/index.php?rest_route=\/wp\/v2\/posts\/34252","targetHints":{"allow":["GET"]}}],"collection":[{"href":"https:\/\/www.interaccionnoticias.com.mx\/index.php?rest_route=\/wp\/v2\/posts"}],"about":[{"href":"https:\/\/www.interaccionnoticias.com.mx\/index.php?rest_route=\/wp\/v2\/types\/post"}],"author":[{"embeddable":true,"href":"https:\/\/www.interaccionnoticias.com.mx\/index.php?rest_route=\/wp\/v2\/users\/1"}],"replies":[{"embeddable":true,"href":"https:\/\/www.interaccionnoticias.com.mx\/index.php?rest_route=%2Fwp%2Fv2%2Fcomments&post=34252"}],"version-history":[{"count":0,"href":"https:\/\/www.interaccionnoticias.com.mx\/index.php?rest_route=\/wp\/v2\/posts\/34252\/revisions"}],"wp:featuredmedia":[{"embeddable":true,"href":"https:\/\/www.interaccionnoticias.com.mx\/index.php?rest_route=\/wp\/v2\/media\/34253"}],"wp:attachment":[{"href":"https:\/\/www.interaccionnoticias.com.mx\/index.php?rest_route=%2Fwp%2Fv2%2Fmedia&parent=34252"}],"wp:term":[{"taxonomy":"category","embeddable":true,"href":"https:\/\/www.interaccionnoticias.com.mx\/index.php?rest_route=%2Fwp%2Fv2%2Fcategories&post=34252"},{"taxonomy":"post_tag","embeddable":true,"href":"https:\/\/www.interaccionnoticias.com.mx\/index.php?rest_route=%2Fwp%2Fv2%2Ftags&post=34252"}],"curies":[{"name":"wp","href":"https:\/\/api.w.org\/{rel}","templated":true}]}}