{"id":3425,"date":"2017-04-06T21:18:11","date_gmt":"2017-04-07T02:18:11","guid":{"rendered":"http:\/\/www.inter-accion.com.mx\/?p=3425"},"modified":"2017-04-06T21:18:11","modified_gmt":"2017-04-07T02:18:11","slug":"quitan-el-fuero-y-cargo-a-regidora-que-salio-de-guerrero-por-miedo","status":"publish","type":"post","link":"https:\/\/www.interaccionnoticias.com.mx\/?p=3425","title":{"rendered":"Quitan el fuero y cargo a regidora que sali\u00f3 de Guerrero por miedo"},"content":{"rendered":"<ul>\n<li>El Congreso local revoc\u00f3 el mandato de Ericelda Alvear, quien huy\u00f3 de Zir\u00e1ndaro tras el secuestro y asesinato de su esposo<\/li>\n<\/ul>\n<p>&nbsp;<br \/>\nSe llama Ericelda Alvear Valdovinos, hace seis meses sufri\u00f3 el secuestro de su esposo a manos del crimen organizado, huy\u00f3 del municipio, sali\u00f3 del estado y despu\u00e9s del pa\u00eds por miedo, este jueves fue separada del cargo de regidora en el cabildo de Zir\u00e1ndaro por medio de un juicio de revocaci\u00f3n de mandato.<br \/>\nA finales de octubre de 2016, Antonio Luvianos Catal\u00e1n, esposo de la regidora electa por las siglas del PRD fue secuestrado en dicho municipio ubicado en la Tierra Caliente de Guerrero, al poco tiempo su cuerpo fue encontrado sin vida.<br \/>\nLa regidora &nbsp;Alvear Valdovinos sali\u00f3 entonces de la regi\u00f3n, despu\u00e9s del estado y finamente, sus compa\u00f1eros de partido supieron que estaba en los Estados Unidos de Norteam\u00e9rica (EUA).<br \/>\nHuy\u00f3 por temor a que los captores de su esposo encontraran en ella un nuevo objetivo.<br \/>\nDesde hace seis meses, el espacio que la regidora Alvear ocupara en el cabildo de Zir\u00e1ndaro permanec\u00eda vac\u00edo, raz\u00f3n por la que la alcaldesa Yolanda Anaya Cruz&nbsp;solicit\u00f3 que se iniciara un procedimiento encaminado a recuperar dicha posici\u00f3n pol\u00edtica, lo que dio pie a la presentaci\u00f3n de un Juicio de Revocaci\u00f3n de Mandato.<br \/>\nUna vez que la Comisi\u00f3n Instructora en un primer momento, y despu\u00e9s el Pleno encontraron razones para separarla del cargo y convocar a la suplente, Yolanda Gonz\u00e1lez para que asuma el cargo, la revocaci\u00f3n de mandato se aprob\u00f3 de manera un\u00e1nime.<br \/>\nJonathan Ensaldo Mu\u00f1oz, integrante de la fracci\u00f3n parlamentaria del PRD, fue comisionado para que este viernes viaje hacia la cabecera municipal de Zirandaro, notifique la resoluci\u00f3n del Congreso y deje debidamente instalada a la nueva regidora del partido del sol azteca.<br \/>\n&nbsp;&nbsp;<\/p>\n","protected":false},"excerpt":{"rendered":"<p>El Congreso local revoc\u00f3 el mandato de Ericelda Alvear, quien huy\u00f3 de Zir\u00e1ndaro tras el secuestro y asesinato de su esposo &nbsp; Se llama Ericelda Alvear Valdovinos, hace seis meses&hellip; <\/p>\n","protected":false},"author":1,"featured_media":0,"comment_status":"open","ping_status":"open","sticky":false,"template":"","format":"standard","meta":{"fifu_image_url":"","fifu_image_alt":"","footnotes":""},"categories":[2,8],"tags":[],"class_list":["post-3425","post","type-post","status-publish","format-standard","hentry","category-congreso","category-featured"],"_links":{"self":[{"href":"https:\/\/www.interaccionnoticias.com.mx\/index.php?rest_route=\/wp\/v2\/posts\/3425","targetHints":{"allow":["GET"]}}],"collection":[{"href":"https:\/\/www.interaccionnoticias.com.mx\/index.php?rest_route=\/wp\/v2\/posts"}],"about":[{"href":"https:\/\/www.interaccionnoticias.com.mx\/index.php?rest_route=\/wp\/v2\/types\/post"}],"author":[{"embeddable":true,"href":"https:\/\/www.interaccionnoticias.com.mx\/index.php?rest_route=\/wp\/v2\/users\/1"}],"replies":[{"embeddable":true,"href":"https:\/\/www.interaccionnoticias.com.mx\/index.php?rest_route=%2Fwp%2Fv2%2Fcomments&post=3425"}],"version-history":[{"count":0,"href":"https:\/\/www.interaccionnoticias.com.mx\/index.php?rest_route=\/wp\/v2\/posts\/3425\/revisions"}],"wp:attachment":[{"href":"https:\/\/www.interaccionnoticias.com.mx\/index.php?rest_route=%2Fwp%2Fv2%2Fmedia&parent=3425"}],"wp:term":[{"taxonomy":"category","embeddable":true,"href":"https:\/\/www.interaccionnoticias.com.mx\/index.php?rest_route=%2Fwp%2Fv2%2Fcategories&post=3425"},{"taxonomy":"post_tag","embeddable":true,"href":"https:\/\/www.interaccionnoticias.com.mx\/index.php?rest_route=%2Fwp%2Fv2%2Ftags&post=3425"}],"curies":[{"name":"wp","href":"https:\/\/api.w.org\/{rel}","templated":true}]}}