{"id":34226,"date":"2021-06-23T16:56:16","date_gmt":"2021-06-23T21:56:16","guid":{"rendered":"http:\/\/www.inter-accion.com.mx\/?p=34226"},"modified":"2021-06-23T16:56:16","modified_gmt":"2021-06-23T21:56:16","slug":"34226","status":"publish","type":"post","link":"https:\/\/www.interaccionnoticias.com.mx\/?p=34226","title":{"rendered":"FSM: rechaza venganza pol\u00edtica tras su despido de Irma Er\u00e9ndira"},"content":{"rendered":"\n<p><strong><em>&#8211; Una mujer honesta y valiente, dice el senador Salgado Macedonio<\/em><\/strong><\/p>\n\n\n\n<p><strong>Javier Trujillo<\/strong><\/p>\n\n\n\n<p><strong>Acapulco, Gro. \u2013<\/strong> El senador F\u00e9lix Salgado, sostuvo que la ex titular de la Secretar\u00eda de la Funci\u00f3n P\u00fablica, Irma Er\u00e9ndira Sandoval Ballesteros hizo un buen trabajo y desestim\u00f3 que su despido sea una venganza pol\u00edtica. <\/p>\n\n\n\n<p>De visita en el puerto de Acapulco, Salgado Macedonio, dijo que Irma Er\u00e9ndira Sandoval Ballesteros es una gran guerrerense, y le reconoci\u00f3 su trabajo, y descart\u00f3 que su relevo haya sido una venganza.<\/p>\n\n\n\n<p>\u201cNada de eso, de ninguna manera, a m\u00ed me parece que hizo un buen trabajo, es una mujer valiente, honesta y trabajadora; yo le hago un gran reconocimiento a ella, mi paisana Irma Er\u00e9ndira Sandoval Ballesteros\u201d, dijo. <\/p>\n\n\n\n<p>En entrevista, se\u00f1al\u00f3 que el presidente de la Rep\u00fablica, Andr\u00e9s Manuel L\u00f3pez Obrador, est\u00e1 en su leg\u00edtimo derecho, de hacer los cambios que crea necesarios en su gabinete y adelant\u00f3 que en pr\u00f3ximos d\u00edas podr\u00eda anunciarse m\u00e1s movimientos en la administraci\u00f3n federal. <\/p>\n\n\n\n<p>Salgado Macedonio, asegur\u00f3 que el jefe del poder ejecutivo federal, no interfiri\u00f3 en el proceso electoral de Guerrero, y que el despido de Sandoval Ballesteros no tiene ninguna relaci\u00f3n con ello. <br \/>Al senador de MORENA, se le cuestion\u00f3, respecto a las declaraciones que ha dado a la prensa en los \u00faltimos d\u00edas; y dijo que en todo momento han sido como senador de la Rep\u00fablica, no como gobernador electo. <\/p>\n\n\n\n<p>\u201cYo no soy el gobernador, el gobernador es H\u00e9ctor Astudillo y la gobernadora electa es Evelyn Salgado\u201d, dijo para desmarcarse. <br \/>Se\u00f1al\u00f3 que ser\u00e1 el mandatario estatal, Astudillo Flores, quien establezca los tiempos para llevar a cabo el proceso de la entrega-recepci\u00f3n, enmarcados en el plazo que establece la ley. <\/p>\n\n\n\n<p>\u201cEl gobernador no tiene que responderme a m\u00ed ni yo a \u00e9l, que quede claro porque luego se tergiversan las cosas, yo no estoy hablando como si fuera el gobernador que va a entrar, va a entrar Evelyn, yo no, yo soy senador, yo ya entr\u00e9\u201d, remarc\u00f3. <\/p>\n\n\n\n<p>Indic\u00f3 que la conformaci\u00f3n del nuevo gabinete la realizar\u00e1 la propia gobernadora electa, Evelyn Salgado, \u201ccon absoluta libertad\u201d. <\/p>\n\n\n\n<p>\u201cElla es la que va a elegir a los mejores hombres, a las mejores mujeres, con un gabinete paritario\u201d, finaliz\u00f3. <\/p>\n","protected":false},"excerpt":{"rendered":"<p>&#8211; Una mujer honesta y valiente, dice el senador Salgado Macedonio Javier Trujillo Acapulco, Gro. \u2013 El senador F\u00e9lix Salgado, sostuvo que la ex titular de la Secretar\u00eda de la&hellip; <\/p>\n","protected":false},"author":1,"featured_media":34225,"comment_status":"open","ping_status":"open","sticky":false,"template":"","format":"standard","meta":{"fifu_image_url":"","fifu_image_alt":"","footnotes":""},"categories":[21],"tags":[94],"class_list":["post-34226","post","type-post","status-publish","format-standard","has-post-thumbnail","hentry","category-politica","tag-felix-salgado-macedonio"],"_links":{"self":[{"href":"https:\/\/www.interaccionnoticias.com.mx\/index.php?rest_route=\/wp\/v2\/posts\/34226","targetHints":{"allow":["GET"]}}],"collection":[{"href":"https:\/\/www.interaccionnoticias.com.mx\/index.php?rest_route=\/wp\/v2\/posts"}],"about":[{"href":"https:\/\/www.interaccionnoticias.com.mx\/index.php?rest_route=\/wp\/v2\/types\/post"}],"author":[{"embeddable":true,"href":"https:\/\/www.interaccionnoticias.com.mx\/index.php?rest_route=\/wp\/v2\/users\/1"}],"replies":[{"embeddable":true,"href":"https:\/\/www.interaccionnoticias.com.mx\/index.php?rest_route=%2Fwp%2Fv2%2Fcomments&post=34226"}],"version-history":[{"count":0,"href":"https:\/\/www.interaccionnoticias.com.mx\/index.php?rest_route=\/wp\/v2\/posts\/34226\/revisions"}],"wp:featuredmedia":[{"embeddable":true,"href":"https:\/\/www.interaccionnoticias.com.mx\/index.php?rest_route=\/wp\/v2\/media\/34225"}],"wp:attachment":[{"href":"https:\/\/www.interaccionnoticias.com.mx\/index.php?rest_route=%2Fwp%2Fv2%2Fmedia&parent=34226"}],"wp:term":[{"taxonomy":"category","embeddable":true,"href":"https:\/\/www.interaccionnoticias.com.mx\/index.php?rest_route=%2Fwp%2Fv2%2Fcategories&post=34226"},{"taxonomy":"post_tag","embeddable":true,"href":"https:\/\/www.interaccionnoticias.com.mx\/index.php?rest_route=%2Fwp%2Fv2%2Ftags&post=34226"}],"curies":[{"name":"wp","href":"https:\/\/api.w.org\/{rel}","templated":true}]}}