{"id":34208,"date":"2021-06-23T13:37:06","date_gmt":"2021-06-23T18:37:06","guid":{"rendered":"http:\/\/www.inter-accion.com.mx\/?p=34208"},"modified":"2021-06-23T13:37:06","modified_gmt":"2021-06-23T18:37:06","slug":"34208","status":"publish","type":"post","link":"https:\/\/www.interaccionnoticias.com.mx\/?p=34208","title":{"rendered":"Ya est\u00e1 listo el \u00faltimo informe de Astudillo"},"content":{"rendered":"\n<p><strong><em>&#8211;Se mandar\u00e1 a la imprenta para su distribuci\u00f3n en el Congreso<\/em><\/strong><\/p>\n\n\n\n<p><strong>Jes\u00fas Dorantes<\/strong><\/p>\n\n\n\n<p><strong>Chilpancingo, Gro.-<\/strong> El gobernador H\u00e9ctor Astudillo Flores confirm\u00f3 que ya est\u00e1 listo su sexto y \u00faltimo informe de labores, mismo que ser\u00e1 entregado en tiempo y forma para luego mandar un mensaje ante el Pleno del Congreso local.<\/p>\n\n\n\n<p>En Chilpancingo, el mandatario estatal inform\u00f3 que llegado el momento, establecer\u00e1 comunicaci\u00f3n con el Congreso local para que dentro de los t\u00e9rminos de ley se entregue el informe de como entregar\u00e1 la administraci\u00f3n estatal.<\/p>\n\n\n\n<p>El mandatario guerrerense inform\u00f3 que el d\u00eda de ayer concluy\u00f3 el periodo de revisi\u00f3n de su informe, que en dos d\u00edas m\u00e1s entrar\u00e1 a la imprenta para ser entregado a los diputados locales.<\/p>\n\n\n\n<p>Al ser cuestionado sobre la manifestaci\u00f3n de grupos feministas en Ciudad Judicial para denunciar el aumento de homicidios de mujeres, a cuatro a\u00f1os en los que a sido decretada la Alerta de G\u00e9nero en la entidad, destac\u00f3 que las cifras a nivel nacional mientras una clara reducci\u00f3n de la violencia contra la mujeres en el estado, en comparaci\u00f3n a los a\u00f1os anteriores.<\/p>\n\n\n\n<p>Sobre la posibilidad de una reuni\u00f3n con la gobernadora electa, Evelyn Salgado Pineda, el jefe del ejecutivo asegur\u00f3 que es \u00abUn Hombre de Di\u00e1logo\u00bb por lo que al igual que el presidente de la Rep\u00fablica, Andres Manuel L\u00f3pez Obrador tiene contemplada una reuni\u00f3n con la ganadora de las elecciones del pasado 6 de junio, de la cual la fecha todav\u00eda no ha sido pactada.<\/p>\n\n\n\n<p>En el tema de la desaparici\u00f3n de Alberto Casta\u00f1\u00f3n Flores, Astudillo asegur\u00f3 que es una prioridad para su administraci\u00f3n, la investigaci\u00f3n y la aparici\u00f3n con vida del ex deportista guerrerense.<\/p>\n","protected":false},"excerpt":{"rendered":"<p>&#8211;Se mandar\u00e1 a la imprenta para su distribuci\u00f3n en el Congreso Jes\u00fas Dorantes Chilpancingo, Gro.- El gobernador H\u00e9ctor Astudillo Flores confirm\u00f3 que ya est\u00e1 listo su sexto y \u00faltimo informe&hellip; <\/p>\n","protected":false},"author":1,"featured_media":34209,"comment_status":"open","ping_status":"open","sticky":false,"template":"","format":"standard","meta":{"fifu_image_url":"","fifu_image_alt":"","footnotes":""},"categories":[11],"tags":[115],"class_list":["post-34208","post","type-post","status-publish","format-standard","has-post-thumbnail","hentry","category-guerrero","tag-hector-astudillo-2"],"_links":{"self":[{"href":"https:\/\/www.interaccionnoticias.com.mx\/index.php?rest_route=\/wp\/v2\/posts\/34208","targetHints":{"allow":["GET"]}}],"collection":[{"href":"https:\/\/www.interaccionnoticias.com.mx\/index.php?rest_route=\/wp\/v2\/posts"}],"about":[{"href":"https:\/\/www.interaccionnoticias.com.mx\/index.php?rest_route=\/wp\/v2\/types\/post"}],"author":[{"embeddable":true,"href":"https:\/\/www.interaccionnoticias.com.mx\/index.php?rest_route=\/wp\/v2\/users\/1"}],"replies":[{"embeddable":true,"href":"https:\/\/www.interaccionnoticias.com.mx\/index.php?rest_route=%2Fwp%2Fv2%2Fcomments&post=34208"}],"version-history":[{"count":0,"href":"https:\/\/www.interaccionnoticias.com.mx\/index.php?rest_route=\/wp\/v2\/posts\/34208\/revisions"}],"wp:featuredmedia":[{"embeddable":true,"href":"https:\/\/www.interaccionnoticias.com.mx\/index.php?rest_route=\/wp\/v2\/media\/34209"}],"wp:attachment":[{"href":"https:\/\/www.interaccionnoticias.com.mx\/index.php?rest_route=%2Fwp%2Fv2%2Fmedia&parent=34208"}],"wp:term":[{"taxonomy":"category","embeddable":true,"href":"https:\/\/www.interaccionnoticias.com.mx\/index.php?rest_route=%2Fwp%2Fv2%2Fcategories&post=34208"},{"taxonomy":"post_tag","embeddable":true,"href":"https:\/\/www.interaccionnoticias.com.mx\/index.php?rest_route=%2Fwp%2Fv2%2Ftags&post=34208"}],"curies":[{"name":"wp","href":"https:\/\/api.w.org\/{rel}","templated":true}]}}