{"id":34140,"date":"2021-06-22T14:39:23","date_gmt":"2021-06-22T19:39:23","guid":{"rendered":"http:\/\/www.inter-accion.com.mx\/?p=34140"},"modified":"2021-06-22T14:39:23","modified_gmt":"2021-06-22T19:39:23","slug":"34140","status":"publish","type":"post","link":"https:\/\/www.interaccionnoticias.com.mx\/?p=34140","title":{"rendered":"En Guerrero dise\u00f1an retorno a clases con blindaje anti Covid-19"},"content":{"rendered":"\n<p><strong><em>&#8211; Gobierno y sindicatos se alistan para regresar con el menor riesgo de rebrote<\/em><\/strong><\/p>\n\n\n\n<p><strong>Rosario Garc\u00eda Orozco<\/strong><\/p>\n\n\n\n<p>Chilpancingo, Gro., 22 de junio del 2021.- Guerrero es uno de los estados m\u00e1s responsables en el manejo de la pandemia por Covid 19, lo que ha permitido que haya estabilidad y mejores posibilidades de regreso a clases en condiciones de seguridad para los docentes y estudiantes, asegur\u00f3 el gobernador H\u00e9ctor Astudillo Flores.<\/p>\n\n\n\n<p>El mandatario estatal presidi\u00f3 la Firma de acuerdo e Instalaci\u00f3n de la Comisi\u00f3n Estatal para el Inicio del Ciclo Escolar 2021-2022, en donde sostuvo que de manera coordinada entre los tres niveles de gobierno se han realizado todas las acciones necesarias para contrarrestar los efectos de la pandemia, \u00bb frente al Covid la educaci\u00f3n es primero\u00bb .<\/p>\n\n\n\n<p>El gobernador reconoci\u00f3: \u00abnunca me imagine que me tocar\u00eda cerrar las playas o cerrar las escuelas en Guerrero. La pandemia nos oblig\u00f3 a realizar muchas acciones que no estaban programadas en Guerrero\u00bb.<\/p>\n\n\n\n<p>Expres\u00f3 que el Covid 19 \u00abnos cambi\u00f3 la velocidad, pero no la ruta de gobierno\u00bb, y record\u00f3 que por la crisis de la pandemia, en enero y febrero se registraron hasta 23 fallecimientos por d\u00eda, pero en el mes de junio se ha registrado un promedio de 2.4 por d\u00eda, mientras que la hospitalizaci\u00f3n hoy d\u00eda es del 10 por ciento.<\/p>\n\n\n\n<p>Ese avance, dijo, se debe a que la gente si hace caso de la sana distancia, el uso de cubrebocas, pero sobre todo por el avance de la vacunaci\u00f3n, y es que se han vacunado m\u00e1s de un mill\u00f3n de guerrerenses.<\/p>\n\n\n\n<p>Astudillo Flores insisti\u00f3 en que los avances en la contenci\u00f3n se deben a la coordinaci\u00f3n estrecha con el gobierno federal, \u00abnosotros no somos problema. Nosotros siempre seremos soluci\u00f3n. Nos queda claro que la coordinaci\u00f3n ha sido necesaria para poder avanzar. Nos mantenemos lejos del conflicto, y en temas de salud y educaci\u00f3n nos vamos a seguir coordinando\u00bb .<\/p>\n\n\n\n<p>Tambi\u00e9n consider\u00f3 que con apoyo del programa federal \u00abLa escuela es nuestra\u00bb, se va a buscar que se pueda avanzar en la rehabilitaci\u00f3n de escuelas que tuvieron alg\u00fan da\u00f1o en todo este a\u00f1o y medio en que no hubo clases presenciales.<\/p>\n\n\n\n<p>\u00abSi fue dif\u00edcil cerrar las escuelas, es un reto mayor regresar a ellas. Son m\u00e1s de un mill\u00f3n de alumnos y casi 22 mil escuelas\u00bb, sostuvo el jefe del Ejecutivo estatal.<\/p>\n\n\n\n<p>Por su parte, Heriberto Huicochea V\u00e1zquez, secretario de Educaci\u00f3n del gobierno del estado, reconoci\u00f3 que es admirable la labor que han hecho los padres y madres de familia, y los docentes, quienes tuvieron que enfrentar el proceso educativo en diferentes circunstancias.<\/p>\n\n\n\n<p>Expres\u00f3 que en esta pandemia \u00abpudimos comprobar que no s\u00f3lo es importante brindarle un plan escolar a los estudiantes, sino tambi\u00e9n darle seguimiento para garantizar que se cumpla con los objetivos de la educaci\u00f3n, con la participaci\u00f3n de la familia, con las bases de valores desde casa\u00bb.<\/p>\n\n\n\n<p>En Guerrero se han vacunado casi 100 mil trabajadores del sector, y se llevar\u00e1 a cabo una estrategia de sanidad y seguridad en tres etapas, lo que permitir\u00e1 que cada plantel pueda regresar a clases presenciales, todo con corresponsabilidad, docentes, administrativos padres, estudiantes y ciudadanos en general, para que podamos seguir adelante.<\/p>\n\n\n\n<p>Como testigos de honor firmaron el acuerdo los secretarios generales de la Secci\u00f3n 14 del SNTE y del SUSPEG, Javier San Mart\u00edn Jaramillo y David Mart\u00ednez Mastache, respectivamente.<\/p>\n\n\n\n<p>San Mart\u00edn Jaramillo reconoci\u00f3 que los docentes y administrativos se fueron adaptando a las nuevas formas de educar.<\/p>\n\n\n\n<p>El magisterio es ahora reconocido y revalorsdo, mencion\u00f3, y enfatiz\u00f3 que \u00ablos docentes de Guerrero, definitivamente son insustituibles\u00bb<\/p>\n\n\n\n<p>Coment\u00f3 que si bien es cierto los trabajadores de educaci\u00f3n deben cuidarse por la pandemia, \u00abtambi\u00e9n debemos empezar a regresar a clases ya con la vacunacion, y en semaforo en verde\u00bb ,<\/p>\n\n\n\n<p>David Mart\u00ednez Mastache al hacer uso de la palabra pidi\u00f3 a los docentes y administrativos del sector educativo \u00abprepararnos para recibir a los estudiantes en las aulas. Necesitamos de la colaboraci\u00f3n de todos para que este trabajo en equipo pueda llevarse a cabo de manera satisfactoria\u00bb.<\/p>\n\n\n\n<p>Agreg\u00f3 que \u00ablos maestros suspegista de todos los niveles asumiremos el compromiso de seguir trabajando en beneficio del estado y a favor de nuestros estudiantes. El magisterio suspegista est\u00e1 preparado\u00bb.<\/p>\n\n\n\n<p>Jes\u00fas Aguirre Alarc\u00f3n presidente del consejo de Participaci\u00f3n Escolar, reconoci\u00f3 que si bien es cierto ha sido dif\u00edcil este proceso, tambi\u00e9n se obtuvo una mejor convivencia entre padres e hijos, ahora, dijo, \u00abse requiere de una participaci\u00f3n de todos para que haya un regreso a clases ordenado y seguro\u00bb .<\/p>\n\n\n\n<p>Finalmente se tom\u00f3 protesta a los integrantes del Comit\u00e9 Estatal para el Inicio del Ciclo Escolar 2021-2022, que integran funcionarios estatales, representaci\u00f3n del gobierno federal y directores de sistemas educativos. Entre otros<\/p>\n","protected":false},"excerpt":{"rendered":"<p>&#8211; Gobierno y sindicatos se alistan para regresar con el menor riesgo de rebrote Rosario Garc\u00eda Orozco Chilpancingo, Gro., 22 de junio del 2021.- Guerrero es uno de los estados&hellip; <\/p>\n","protected":false},"author":1,"featured_media":34142,"comment_status":"open","ping_status":"open","sticky":false,"template":"","format":"standard","meta":{"fifu_image_url":"","fifu_image_alt":"","footnotes":""},"categories":[6],"tags":[76,115],"class_list":["post-34140","post","type-post","status-publish","format-standard","has-post-thumbnail","hentry","category-educacion","tag-covid","tag-hector-astudillo-2"],"_links":{"self":[{"href":"https:\/\/www.interaccionnoticias.com.mx\/index.php?rest_route=\/wp\/v2\/posts\/34140","targetHints":{"allow":["GET"]}}],"collection":[{"href":"https:\/\/www.interaccionnoticias.com.mx\/index.php?rest_route=\/wp\/v2\/posts"}],"about":[{"href":"https:\/\/www.interaccionnoticias.com.mx\/index.php?rest_route=\/wp\/v2\/types\/post"}],"author":[{"embeddable":true,"href":"https:\/\/www.interaccionnoticias.com.mx\/index.php?rest_route=\/wp\/v2\/users\/1"}],"replies":[{"embeddable":true,"href":"https:\/\/www.interaccionnoticias.com.mx\/index.php?rest_route=%2Fwp%2Fv2%2Fcomments&post=34140"}],"version-history":[{"count":0,"href":"https:\/\/www.interaccionnoticias.com.mx\/index.php?rest_route=\/wp\/v2\/posts\/34140\/revisions"}],"wp:featuredmedia":[{"embeddable":true,"href":"https:\/\/www.interaccionnoticias.com.mx\/index.php?rest_route=\/wp\/v2\/media\/34142"}],"wp:attachment":[{"href":"https:\/\/www.interaccionnoticias.com.mx\/index.php?rest_route=%2Fwp%2Fv2%2Fmedia&parent=34140"}],"wp:term":[{"taxonomy":"category","embeddable":true,"href":"https:\/\/www.interaccionnoticias.com.mx\/index.php?rest_route=%2Fwp%2Fv2%2Fcategories&post=34140"},{"taxonomy":"post_tag","embeddable":true,"href":"https:\/\/www.interaccionnoticias.com.mx\/index.php?rest_route=%2Fwp%2Fv2%2Ftags&post=34140"}],"curies":[{"name":"wp","href":"https:\/\/api.w.org\/{rel}","templated":true}]}}