{"id":34130,"date":"2021-06-21T19:28:00","date_gmt":"2021-06-22T00:28:00","guid":{"rendered":"http:\/\/www.inter-accion.com.mx\/?p=34130"},"modified":"2021-06-21T19:28:00","modified_gmt":"2021-06-22T00:28:00","slug":"34130","status":"publish","type":"post","link":"https:\/\/www.interaccionnoticias.com.mx\/?p=34130","title":{"rendered":"Amagan con destituci\u00f3n de diputados del PRI, PRD y PVEM, si no se presentan a sesionar"},"content":{"rendered":"\n<p><strong><em>&#8211; Tres faltas injustificadas y se llamar\u00eda a los suplentes, advierte el vicepresidente de la Mesa Directiva, Mois\u00e9s Reyes Sandoval<br>&#8211; El 17 de junio, el bloque opositor advirti\u00f3 que no participar\u00eda en la ampliaci\u00f3n del Periodo Ordinario de Sesiones, por ser ilegal<\/em><\/strong><\/p>\n\n\n\n<p><strong>Rogelio Agust\u00edn<\/strong><\/p>\n\n\n\n<p>El vicepresidente de la Mesa Directiva del Congreso local, Mois\u00e9s Reyes Sandoval advirti\u00f3 que si los diputados del PRI, PRD y PVEM no se presentan a las sesiones que comprenden la ampliaci\u00f3n del Periodo Ordinario de sesiones, del tercer y \u00faltimo a\u00f1o de ejercicio constitucional, estar\u00e1n ante el riesgo de ser relevados por sus suplentes y hasta sancionados por la v\u00eda del juicio pol\u00edtico.<\/p>\n\n\n\n<p>La semana pasada, los diputados que integran las fracciones parlamentarias del PRI y del PRD, m\u00e1s la representaci\u00f3n del PVEM dieron a conocer su determinaci\u00f3n de no presentarse a las sesiones que integran el tercer periodo ordinario de sesiones del tercer a\u00f1o de ejercicio constitucional, bajo el argumento de que fue ampliado en un mes de manera ilegal.<\/p>\n\n\n\n<p>El coordinador de la fracci\u00f3n parlamentaria del PRD, Bernardo Ortega Jim\u00e9nez asegur\u00f3 que lo sucedido el martes 15 de junio, fue un \u201cgolpe de estado\u201d en contra de la presidenta de la Mesa Directiva, Eunice Monz\u00f3n Garc\u00eda, bajo el argumento de que fue suplantada ilegalmente por el vicepresidente Reyes Sandoval.<\/p>\n\n\n\n<p>\u201cEl diputado H\u00e9ctor Apreza (ex coordinador de la bancada del PRI) nos ha llegado a calificar como pandilleros legislativos\u201d, se quej\u00f3 el vicepresidente de la Mesa Directiva.<\/p>\n\n\n\n<p>Neg\u00f3 que haya cometido un acto arbitrario en contra de la diputada Monz\u00f3n Garc\u00eda, integrante de la representaci\u00f3n del PVEM y presidenta de la Mesa.<\/p>\n\n\n\n<p>\u201cYa eran las tres de la tarde y la presidenta no se presentaba, las razones las desconozco, yo le hab\u00eda hablado ya dos veces, ella me dec\u00eda que ya iba pero no contestaba, fue por eso que decidimos comenzar, no hacerlo s\u00ed hubiera sido ilegal\u201d, asegur\u00f3.<\/p>\n\n\n\n<p>Como el bloque integrado por el PRI, PRD y PVEM ha se\u00f1alado que las acciones que realice el Congreso a partir del 15 de junio ser\u00e1n ilegales, anticiparon que existe la posibilidad de echar abajo en los tribunales todo lo que resuelvan quienes acudan a las sesiones.<\/p>\n\n\n\n<p>El diputado Reyes Sandoval asegura: \u201cLa verdad es que legalmente no hay forma de que alg\u00fan tribunal les d\u00e9 la raz\u00f3n, porque est\u00e1n las actas que confirman que estuvieron presentes y pidieron que se les tomara asistencia, ellos argumentaban que no se hab\u00edan dado los tres toques (timbrazos) pro s\u00ed los dimos. Ellos ya estaban presentes y validaron la legalidad de la sesi\u00f3n\u201d, anot\u00f3.<\/p>\n\n\n\n<p>Para el integrante de la fracci\u00f3n parlamentaria de Morena, es evidente que PRI y PRD ya no se sienten c\u00f3modos porque ya no controlan el Congreso, pues hubo un reacomodo de fuerzas que ahora les quit\u00f3 la mayor\u00eda.<\/p>\n\n\n\n<p><strong>Hay sanciones<\/strong><\/p>\n\n\n\n<p>El tambi\u00e9n secretario de la Comisi\u00f3n Ordinaria de Justicia, refiere que a los diputados que mantienen la ampliaci\u00f3n del Periodo Ordinario de Sesiones les interesa trabajar durante los tres meses que le restan a la 62 Legislatura.<\/p>\n\n\n\n<p>Por eso advirti\u00f3 a sus compa\u00f1eros: \u201cEllos manifiestan que ya no van a presentarse a las sesiones, lo que s\u00ed es incorrecto, eso s\u00ed es ilegal, pues la Ley Org\u00e1nica establece que ante ciertas ausencias, incluso pueden ser separados de su cargo y hasta se les puede iniciar un juicio pol\u00edtico en su contra\u201d.<\/p>\n\n\n\n<p>Asegur\u00f3 que hay abogados que llevan m\u00e1s de 35 a\u00f1os trabajando para el Congreso, quienes al ser consultados han se\u00f1alado que la sesi\u00f3n en que se aprob\u00f3 la ampliaci\u00f3n del Periodo Ordinario de Sesiones es completamente legal.<\/p>\n\n\n\n<p>Por es indic\u00f3: \u201cLa ley Org\u00e1nica es muy clara ante las faltas no justificadas, tres faltas y se llaman a los suplentes\u201d.<\/p>\n\n\n\n<p>Incluso, dijo que en cualquier trabajo, una ausencia no justificada genera sanciones.<\/p>\n","protected":false},"excerpt":{"rendered":"<p>&#8211; Tres faltas injustificadas y se llamar\u00eda a los suplentes, advierte el vicepresidente de la Mesa Directiva, Mois\u00e9s Reyes Sandoval&#8211; El 17 de junio, el bloque opositor advirti\u00f3 que no&hellip; <\/p>\n","protected":false},"author":1,"featured_media":34132,"comment_status":"open","ping_status":"open","sticky":false,"template":"","format":"standard","meta":{"fifu_image_url":"","fifu_image_alt":"","footnotes":""},"categories":[2],"tags":[],"class_list":["post-34130","post","type-post","status-publish","format-standard","has-post-thumbnail","hentry","category-congreso"],"_links":{"self":[{"href":"https:\/\/www.interaccionnoticias.com.mx\/index.php?rest_route=\/wp\/v2\/posts\/34130","targetHints":{"allow":["GET"]}}],"collection":[{"href":"https:\/\/www.interaccionnoticias.com.mx\/index.php?rest_route=\/wp\/v2\/posts"}],"about":[{"href":"https:\/\/www.interaccionnoticias.com.mx\/index.php?rest_route=\/wp\/v2\/types\/post"}],"author":[{"embeddable":true,"href":"https:\/\/www.interaccionnoticias.com.mx\/index.php?rest_route=\/wp\/v2\/users\/1"}],"replies":[{"embeddable":true,"href":"https:\/\/www.interaccionnoticias.com.mx\/index.php?rest_route=%2Fwp%2Fv2%2Fcomments&post=34130"}],"version-history":[{"count":0,"href":"https:\/\/www.interaccionnoticias.com.mx\/index.php?rest_route=\/wp\/v2\/posts\/34130\/revisions"}],"wp:featuredmedia":[{"embeddable":true,"href":"https:\/\/www.interaccionnoticias.com.mx\/index.php?rest_route=\/wp\/v2\/media\/34132"}],"wp:attachment":[{"href":"https:\/\/www.interaccionnoticias.com.mx\/index.php?rest_route=%2Fwp%2Fv2%2Fmedia&parent=34130"}],"wp:term":[{"taxonomy":"category","embeddable":true,"href":"https:\/\/www.interaccionnoticias.com.mx\/index.php?rest_route=%2Fwp%2Fv2%2Fcategories&post=34130"},{"taxonomy":"post_tag","embeddable":true,"href":"https:\/\/www.interaccionnoticias.com.mx\/index.php?rest_route=%2Fwp%2Fv2%2Ftags&post=34130"}],"curies":[{"name":"wp","href":"https:\/\/api.w.org\/{rel}","templated":true}]}}