{"id":34115,"date":"2021-06-21T19:25:51","date_gmt":"2021-06-22T00:25:51","guid":{"rendered":"http:\/\/www.inter-accion.com.mx\/?p=34115"},"modified":"2021-06-21T19:25:51","modified_gmt":"2021-06-22T00:25:51","slug":"34115","status":"publish","type":"post","link":"https:\/\/www.interaccionnoticias.com.mx\/?p=34115","title":{"rendered":"La actual administraci\u00f3n redujo en m\u00e1s de mil millones de pesos la deuda hist\u00f3rica, asegur\u00f3 Tulio P\u00e9rez Calvo"},"content":{"rendered":"\n<p><strong>Rosario Garc\u00eda Orozco<\/strong><\/p>\n\n\n\n<p><strong>Chilpancingo, Gro., 21 de junio del 2021.-<\/strong> Durante la actual administraci\u00f3n del gobierno estatal, se redujo la deuda hist\u00f3rica institucional en m\u00e1S de mil millones de pesos, inform\u00f3 el secretario de Finanzas, Tulio Samuel P\u00e9rez Calvo.<\/p>\n\n\n\n<p>Puntualiz\u00f3 que el gobierno del estado tiene dos tipos de deuda, una de largo plazo que era por el orden de los dos mil 400 millones de pesos, y que se ten\u00eda con varios bancos nacionales en funci\u00f3n de diversas circunstancias contra\u00eddas en los gobiernos anteriores; y en la actualidad se avanza en una disminuci\u00f3n por el manejo de la misma de poco m\u00e1s de mil millones de pesos, por lo que la va a quedar a la entrega de nuestra administraci\u00f3n en un mil 348 millones de pesos; \u201cpero obviamente como sigue el proceso de los bancos hasta finales de a\u00f1o estar\u00eda disminuyendo a mil 250 millones a finales de diciembre\u201d.<\/p>\n\n\n\n<p>Record\u00f3 que la administraci\u00f3n estatal se recibi\u00f3 con una deuda estructural de corto plazo, y se hizo frente al pago de pendientes, sobre todo a lo que se refiere a los prestaciones de los trabajadores,&nbsp;que hicieron que la administraci\u00f3n inicial adquiriera una deuda de corto plazo, una deuda que tambi\u00e9n se llama quirografiaria en la que se comprometen recursos del a\u00f1o fiscal para cubrir estos pendientes faltantes y cada a\u00f1o se ha ido cubriendo con puntualidad, explic\u00f3 el funcionario estatal.<\/p>\n\n\n\n<p>Mencion\u00f3 que lo mismo sucedi\u00f3 este a\u00f1o y se sigue pagando puntualmente \u201ccon algo de dificultad\u201d, porque la ley de coordinaci\u00f3n fiscal y disciplina financiera obliga a los gobiernos a que esa euda se cumpla en junio, \u201centonces en lugar de contar con 12 meses de gracia lo estamos haciendo en 6 y esto ha causado mucha disminuci\u00f3n de flujo pero seguimos cumpliendo con estos compromisos\u201d.<\/p>\n\n\n\n<p>En torno al proceso de entrega de la administraci\u00f3n, explic\u00f3 que desde hace varios meses, por indicaciones del gobernador H\u00e9ctor Astudillo Flores se preparan en todas las \u00e1reas para la entrega-recepci\u00f3n, como un acto que no se ha hecho en a\u00f1os, \u201cquiero recordarte que en el caso de las administraciones anteriores no hubo una entrega-recepci\u00f3n formal, por ello cuando llegamos armamos un comit\u00e9 de recepci\u00f3n esperando una entrega y no hubo tal\u201d.<\/p>\n\n\n\n<p>Dijo el responsable de las finanzas del gobierno estatal que por esa raz\u00f3n, \u201ctuvimos que armamos una serie de elementos que permitiera el seguimiento a la cuenta p\u00fablica, saldos, y bueno la idea es que ahora en nuestra oportunidad si podamos hacer una entrega correcta, la fecha marcada por el gobernador H\u00e9ctor Astudillo Flores es a partir del \u202a6 de septiembre\u202c\u201d.<\/p>\n\n\n\n<p>Agreg\u00f3 que en coordinaci\u00f3n con la Secretar\u00eda de la Contralor\u00eda y Funci\u00f3n P\u00fablica se hacen algunos simulacros de este proceso \u201cy llevamos un avance del 80 por ciento de todos estos datos, nos queda un simulacro m\u00e1s y revisar algunos puntos a los que les llamamos \u201crojos\u00bb, que pudieran determinar alguna circunstancia sobre todo porque estamos en el proceso de la aplicaci\u00f3n de auditor\u00edas por parte de la Auditor\u00eda Superior de la Federaci\u00f3n y la Secretar\u00eda de la Funci\u00f3n P\u00fablica\u201d.<\/p>\n\n\n\n<p>P\u00e9rez Calvo reconoci\u00f3 que por el Covid 19 todos los gobiernos estatales y federales dejaron de recibir recursos porque se pararon y disminuyeron la actividad econ\u00f3mica; y esa crisis provoc\u00f3 que se dejara sin flujo y recursos; y la disminuci\u00f3n de los recursos del gobierno federal lleg\u00f3 hasta los 700 millones de pesos, que b\u00e1sicamente afectaron al ramo 28 y que se utiliza para pago de sueldos, prestaciones, bonos, los vi\u00e1ticos de los polic\u00edas, entre otros rubros.<\/p>\n","protected":false},"excerpt":{"rendered":"<p>Rosario Garc\u00eda Orozco Chilpancingo, Gro., 21 de junio del 2021.- Durante la actual administraci\u00f3n del gobierno estatal, se redujo la deuda hist\u00f3rica institucional en m\u00e1S de mil millones de pesos,&hellip; <\/p>\n","protected":false},"author":1,"featured_media":34117,"comment_status":"open","ping_status":"open","sticky":false,"template":"","format":"standard","meta":{"fifu_image_url":"","fifu_image_alt":"","footnotes":""},"categories":[11],"tags":[185],"class_list":["post-34115","post","type-post","status-publish","format-standard","has-post-thumbnail","hentry","category-guerrero","tag-tulio-perez-calvo"],"_links":{"self":[{"href":"https:\/\/www.interaccionnoticias.com.mx\/index.php?rest_route=\/wp\/v2\/posts\/34115","targetHints":{"allow":["GET"]}}],"collection":[{"href":"https:\/\/www.interaccionnoticias.com.mx\/index.php?rest_route=\/wp\/v2\/posts"}],"about":[{"href":"https:\/\/www.interaccionnoticias.com.mx\/index.php?rest_route=\/wp\/v2\/types\/post"}],"author":[{"embeddable":true,"href":"https:\/\/www.interaccionnoticias.com.mx\/index.php?rest_route=\/wp\/v2\/users\/1"}],"replies":[{"embeddable":true,"href":"https:\/\/www.interaccionnoticias.com.mx\/index.php?rest_route=%2Fwp%2Fv2%2Fcomments&post=34115"}],"version-history":[{"count":0,"href":"https:\/\/www.interaccionnoticias.com.mx\/index.php?rest_route=\/wp\/v2\/posts\/34115\/revisions"}],"wp:featuredmedia":[{"embeddable":true,"href":"https:\/\/www.interaccionnoticias.com.mx\/index.php?rest_route=\/wp\/v2\/media\/34117"}],"wp:attachment":[{"href":"https:\/\/www.interaccionnoticias.com.mx\/index.php?rest_route=%2Fwp%2Fv2%2Fmedia&parent=34115"}],"wp:term":[{"taxonomy":"category","embeddable":true,"href":"https:\/\/www.interaccionnoticias.com.mx\/index.php?rest_route=%2Fwp%2Fv2%2Fcategories&post=34115"},{"taxonomy":"post_tag","embeddable":true,"href":"https:\/\/www.interaccionnoticias.com.mx\/index.php?rest_route=%2Fwp%2Fv2%2Ftags&post=34115"}],"curies":[{"name":"wp","href":"https:\/\/api.w.org\/{rel}","templated":true}]}}