{"id":34106,"date":"2021-06-21T15:53:44","date_gmt":"2021-06-21T20:53:44","guid":{"rendered":"http:\/\/www.inter-accion.com.mx\/?p=34106"},"modified":"2021-06-21T15:53:44","modified_gmt":"2021-06-21T20:53:44","slug":"34106","status":"publish","type":"post","link":"https:\/\/www.interaccionnoticias.com.mx\/?p=34106","title":{"rendered":"Morena ya respondi\u00f3 a la impugnaci\u00f3n del PRI-PRD en la elecci\u00f3n de gobernador"},"content":{"rendered":"\n<p><strong><em>&#8211; Evelyn Salgado esperar\u00e1 a que H\u00e9ctor Astudillo la convoque para iniciar el proceso de entrega recepci\u00f3n<\/em><\/strong><\/p>\n\n\n\n<p><strong><em>&#8211; \u201cNo habr\u00e1 ninguna presi\u00f3n\u201d, anticipa F\u00e9lix Salgado<\/em><\/strong><\/p>\n\n\n\n<p><strong>Jes\u00fas Dorantes<\/strong><\/p>\n\n\n\n<p>El Movimiento Regeneraci\u00f3n Nacional (MORENA) ya respondi\u00f3 a la impugnaci\u00f3n que la coalici\u00f3n PRI-PRD present\u00f3 en contra del resultado de la elecci\u00f3n de gobernador, en la que se tiene como ganadora a Evelyn Salgado Pineda, con una ventaja superior a los 62 mi votos.<\/p>\n\n\n\n<p>La jornada del viernes 18 de junio, se confirm\u00f3 que ya entrada la tarde del jueves 17, las dirigencias del PRI y del PRD hab\u00edan presentado la impugnaci\u00f3n correspondiente ante el Instituto Electoral y de Participaci\u00f3n Ciudadana (IEPC).<\/p>\n\n\n\n<p>De acuerdo con la informaci\u00f3n dada a conocer por el propio ex candidato de la coalici\u00f3n \u201cVa por Guerrero\u201d, las agravantes impugnadas principalmente consisten en la parcialidad en que incurrieron los integrantes del Consejo General del IEPC, la falta de certeza que gener\u00f3 la ca\u00edda del Programa de Resultados Electorales Preliminares (PREP), la compra de votos a trav\u00e9s de la utilizaci\u00f3n de los programas sociales del Gobierno federal, adem\u00e1s de la intromisi\u00f3n directa del presidente de la Rep\u00fablica, Andr\u00e9s Manuel L\u00f3pez Obrador en la campa\u00f1a de proselitismo.<\/p>\n\n\n\n<p>La ma\u00f1ana del lunes 21 de junio, el senador F\u00e9lix Salgado Macedonio, padre de la gobernadora electa sostuvo una reuni\u00f3n con grupos de simpatizantes de las siete regiones, en donde inform\u00f3 que el pr\u00f3ximo s\u00e1bado 26 de junio se estar\u00e1 retomando la gira de agradecimiento de la gobernadora electa.<\/p>\n\n\n\n<p>Al ser cuestionado sobre el tema, destac\u00f3 que \u00abYa se contest\u00f3 la Impugnaci\u00f3n\u00bb y que la misma ser\u00e1 atendida y respondida, sin que exista ninguna afectaci\u00f3n a los resultados que perfilan como ganadora a su hija.<\/p>\n\n\n\n<p><strong>No habr\u00e1 presi\u00f3n sobre el gobernador H\u00e9ctor Astudillo<\/strong><\/p>\n\n\n\n<p>Respecto al arranque del proceso de entrega recepci\u00f3n, F\u00e9lix Salgado Macedonio coment\u00f3 que ya el gobernador saliente, H\u00e9ctor Astudillo Flores ha se\u00f1alado que el pr\u00f3ximo 16 de julio se comenzar\u00e1 con el desahogo de dicho tema.<\/p>\n\n\n\n<p>Salgado Macedonio admiti\u00f3: \u201cEs \u00e9l quien marca los tiempos, \u00e9l es el gobernador\u201d, aunque admiti\u00f3 que \u201cojal\u00e1 y fuera antes, para que se viera lo del presupuesto 2022\u201d.<\/p>\n\n\n\n<p>Reconoci\u00f3 que Astudillo Flores se encuentra en una \u201cmuy buena actitud\u201d, de ta manera que \u201csolamente esperamos que el establezca la fecha para la entrada recepci\u00f3n\u201d.<\/p>\n\n\n\n<p>Anticip\u00f3 que no se habr\u00e1 de ejercer ning\u00fan tipo de presi\u00f3n al actual gobernador, pues es el quien habr\u00e1 de determinar\u201d.<\/p>\n\n\n\n<p>En lo que respecta al tema del Instituto Nacional Electoral (INE) , asegur\u00f3 que se mantiene en pie la postura de la desaparici\u00f3n del \u00f3rgano con tres reformas propuestas por el presidente de la rep\u00fablica Andr\u00e9s Manuel L\u00f3pez Obrador, para efecto de que se de paso a la creaci\u00f3n de un \u00f3rgano verdaderamente ciudadano.<\/p>\n","protected":false},"excerpt":{"rendered":"<p>&#8211; Evelyn Salgado esperar\u00e1 a que H\u00e9ctor Astudillo la convoque para iniciar el proceso de entrega recepci\u00f3n &#8211; \u201cNo habr\u00e1 ninguna presi\u00f3n\u201d, anticipa F\u00e9lix Salgado Jes\u00fas Dorantes El Movimiento Regeneraci\u00f3n&hellip; <\/p>\n","protected":false},"author":1,"featured_media":34105,"comment_status":"open","ping_status":"open","sticky":false,"template":"","format":"standard","meta":{"fifu_image_url":"","fifu_image_alt":"","footnotes":""},"categories":[25],"tags":[],"class_list":["post-34106","post","type-post","status-publish","format-standard","has-post-thumbnail","hentry","category-ruta-2021"],"_links":{"self":[{"href":"https:\/\/www.interaccionnoticias.com.mx\/index.php?rest_route=\/wp\/v2\/posts\/34106","targetHints":{"allow":["GET"]}}],"collection":[{"href":"https:\/\/www.interaccionnoticias.com.mx\/index.php?rest_route=\/wp\/v2\/posts"}],"about":[{"href":"https:\/\/www.interaccionnoticias.com.mx\/index.php?rest_route=\/wp\/v2\/types\/post"}],"author":[{"embeddable":true,"href":"https:\/\/www.interaccionnoticias.com.mx\/index.php?rest_route=\/wp\/v2\/users\/1"}],"replies":[{"embeddable":true,"href":"https:\/\/www.interaccionnoticias.com.mx\/index.php?rest_route=%2Fwp%2Fv2%2Fcomments&post=34106"}],"version-history":[{"count":0,"href":"https:\/\/www.interaccionnoticias.com.mx\/index.php?rest_route=\/wp\/v2\/posts\/34106\/revisions"}],"wp:featuredmedia":[{"embeddable":true,"href":"https:\/\/www.interaccionnoticias.com.mx\/index.php?rest_route=\/wp\/v2\/media\/34105"}],"wp:attachment":[{"href":"https:\/\/www.interaccionnoticias.com.mx\/index.php?rest_route=%2Fwp%2Fv2%2Fmedia&parent=34106"}],"wp:term":[{"taxonomy":"category","embeddable":true,"href":"https:\/\/www.interaccionnoticias.com.mx\/index.php?rest_route=%2Fwp%2Fv2%2Fcategories&post=34106"},{"taxonomy":"post_tag","embeddable":true,"href":"https:\/\/www.interaccionnoticias.com.mx\/index.php?rest_route=%2Fwp%2Fv2%2Ftags&post=34106"}],"curies":[{"name":"wp","href":"https:\/\/api.w.org\/{rel}","templated":true}]}}