{"id":3406,"date":"2017-04-06T18:33:23","date_gmt":"2017-04-06T23:33:23","guid":{"rendered":"http:\/\/www.inter-accion.com.mx\/?p=3406"},"modified":"2017-04-06T18:33:23","modified_gmt":"2017-04-06T23:33:23","slug":"fiscalia-de-guerrero-investiga-posible-colaboracion-de-ministeriales-con-sicarios-que-se-llevaron-a-tres-presuntos-tequileros","status":"publish","type":"post","link":"https:\/\/www.interaccionnoticias.com.mx\/?p=3406","title":{"rendered":"Fiscal\u00eda de Guerrero investiga posible colaboraci\u00f3n de ministeriales con sicarios que se llevaron a tres presuntos \u201cTequileros\u201d"},"content":{"rendered":"<p>* No estaban detenidos, eran presentados<br \/>\n&nbsp;<br \/>\nLa Fiscal\u00eda General del Estado (FGE) investiga si existi\u00f3 colaboraci\u00f3n de personal del Ministerio P\u00fablico (MP) de Arcelia con el grupo de 30 sicarios que se llev\u00f3 a tres presuntos integrantes \u201cLos Tequileros\u201d la noche del lunes 4 de abril, &nbsp;luego de que fueran remitidos por personal del Ej\u00e9rcito Mexicano.<br \/>\nLa noche del lunes, elementos del Ej\u00e9rcito Mexicano remitieron a la agencia el MP en la cabecera municipal de Arcelia, a tres presuntos integrantes de la banda conocida como \u201cLos Tequileros\u201d, quienes aparec\u00edan en varias carpetas de investigaci\u00f3n relacionadas con los delitos de secuestro y homicidios.<br \/>\nAunque los delitos que se les imputaban eran graves, el vocero del Grupo de Coordinaci\u00f3n Guerrero (GCG), Roberto Alvarez Heredia precis\u00f3 que no llegaron en calidad de detenidos, si no como presentados, por lo que en un t\u00e9rmino legal de 48 horas se definir\u00eda su situaci\u00f3n legal.<br \/>\nSin embargo, antes de la media noche, un grupo de 30 hombres armados, todos con rifles AK-47 llegaron a la agencia, sometieron a los seis agentes que ah\u00ed se encontraban y se llevaron a los tres supuestos \u201cTequileros\u201d, de los que hasta el momento no se sabe nada.<br \/>\nEl vocero admiti\u00f3 que no se sabe si los presentados fueron rescatados por sus compa\u00f1eros, o si en su defecto, el grupo antag\u00f3nico de La Familia Michoacana (FM) los tom\u00f3 prisioneros.<br \/>\nEste jueves 6 de abril, el vocero indic\u00f3 que lo sucedido est\u00e1 considerado como un hecho muy grave, el cual ya es investigado por la Fiscal\u00eda General del Estado (FGE) para deslindar las responsabilidades a que haya lugar.<br \/>\nAl mismo tiempo, refiri\u00f3 que hay un operativo de b\u00fasqueda implementado por la Polic\u00eda del Estado y del Ej\u00e9rcito, para tratar de recuperar a los presuntos delincuentes.<br \/>\nAgreg\u00f3 que el operativo tambi\u00e9n tiene la intenci\u00f3n de cumplimentar las \u00f3rdenes de aprehensi\u00f3n que existen en contra de varios l\u00edderes de \u201cLos Tequileros\u201d, principalmente de Raybel Jacobo De Almonte.<br \/>\nInsisti\u00f3 en que hay m\u00e1s de 300 elementos del Ej\u00e9rcito Mexicano, a los que se suman por lo menos 50 polic\u00edas estatales que pretenden reinstalar la paz en esta parte de la Tierra Caliente.<br \/>\nAsegur\u00f3 que a partir del trabajo desplegado por los tres niveles de gobierno, la actividad delictiva de \u201cLos Tequileros\u201d ha bajado de manera importante, ya que no se han cometido secuestros, homicidios dolosos y extorsiones.<\/p>\n","protected":false},"excerpt":{"rendered":"<p>* No estaban detenidos, eran presentados &nbsp; La Fiscal\u00eda General del Estado (FGE) investiga si existi\u00f3 colaboraci\u00f3n de personal del Ministerio P\u00fablico (MP) de Arcelia con el grupo de 30&hellip; <\/p>\n","protected":false},"author":1,"featured_media":0,"comment_status":"open","ping_status":"open","sticky":false,"template":"","format":"standard","meta":{"fifu_image_url":"","fifu_image_alt":"","footnotes":""},"categories":[8,27],"tags":[],"class_list":["post-3406","post","type-post","status-publish","format-standard","hentry","category-featured","category-seguridad-publica"],"_links":{"self":[{"href":"https:\/\/www.interaccionnoticias.com.mx\/index.php?rest_route=\/wp\/v2\/posts\/3406","targetHints":{"allow":["GET"]}}],"collection":[{"href":"https:\/\/www.interaccionnoticias.com.mx\/index.php?rest_route=\/wp\/v2\/posts"}],"about":[{"href":"https:\/\/www.interaccionnoticias.com.mx\/index.php?rest_route=\/wp\/v2\/types\/post"}],"author":[{"embeddable":true,"href":"https:\/\/www.interaccionnoticias.com.mx\/index.php?rest_route=\/wp\/v2\/users\/1"}],"replies":[{"embeddable":true,"href":"https:\/\/www.interaccionnoticias.com.mx\/index.php?rest_route=%2Fwp%2Fv2%2Fcomments&post=3406"}],"version-history":[{"count":0,"href":"https:\/\/www.interaccionnoticias.com.mx\/index.php?rest_route=\/wp\/v2\/posts\/3406\/revisions"}],"wp:attachment":[{"href":"https:\/\/www.interaccionnoticias.com.mx\/index.php?rest_route=%2Fwp%2Fv2%2Fmedia&parent=3406"}],"wp:term":[{"taxonomy":"category","embeddable":true,"href":"https:\/\/www.interaccionnoticias.com.mx\/index.php?rest_route=%2Fwp%2Fv2%2Fcategories&post=3406"},{"taxonomy":"post_tag","embeddable":true,"href":"https:\/\/www.interaccionnoticias.com.mx\/index.php?rest_route=%2Fwp%2Fv2%2Ftags&post=3406"}],"curies":[{"name":"wp","href":"https:\/\/api.w.org\/{rel}","templated":true}]}}