{"id":34013,"date":"2021-06-16T21:09:47","date_gmt":"2021-06-17T02:09:47","guid":{"rendered":"http:\/\/www.inter-accion.com.mx\/?p=34013"},"modified":"2021-06-16T21:09:47","modified_gmt":"2021-06-17T02:09:47","slug":"34013","status":"publish","type":"post","link":"https:\/\/www.interaccionnoticias.com.mx\/?p=34013","title":{"rendered":"Cad\u00e1ver del comisario de Acatempa fue abandonado frente a la casa de promotor de la Polic\u00eda Comunitaria de Tixtla"},"content":{"rendered":"\n<p><strong><em>&#8211; Forma parte de una larga relaci\u00f3n de actos intimidatorios cometidos contra Gonzalo Molina<\/em><\/strong><\/p>\n\n\n\n<p><strong>Rogelio Agust\u00edn<\/strong><\/p>\n\n\n\n<p>El Comit\u00e9 por la Liberaci\u00f3n de los Presos Pol\u00edticos de Guerrero denunci\u00f3 que el cad\u00e1ver desmembrado del comisario de Acatempa, Julio C\u00e9sar Coctec\u00f3n Rend\u00f3n fue abandonado en la puerta de acceso de la casa de Gonzalo Molina Gonz\u00e1lez, fundador de la Polic\u00eda Comunitaria \u201cMi Patria es Primero\u201d en el municipio de Tixtla.<\/p>\n\n\n\n<p>La jornada del martes, el Comit\u00e9 por la Liberaci\u00f3n de los Presos Pol\u00edticos confirm\u00f3 que Julio C\u00e9sar Coctec\u00f3n, quien apenas en marzo pasado hab\u00eda salido del Cereso de Chilpancingo fue privado de la libertad por un grupo de hombres armados, quienes lo increparon en una tierra de labor en la que trabajaba junto con su esposa y su hijo.<\/p>\n\n\n\n<p>La organizaci\u00f3n social destac\u00f3 que si bien los hombres armados vest\u00edan ropas tipo militar, a Julio C\u00e9sar lo subieron a una camioneta Nissan de color blanco.<\/p>\n\n\n\n<p>Horas m\u00e1s tarde, su cuerpo desnudo y desmembrado fue abandonado en el barrio del Fort\u00edn, donde en su momento oper\u00f3 la principal base de operaciones de la Coordinadora Regional de Autoridades Comunitarias (CRAC) en Tixtla, la cual inicialmente se coordin\u00f3 con la Casa de Justicia de El Para\u00edso, aunque en 2014 Gonzalo Molina, su principal promotor fue desconocido por la casa matriz de San Luis Acatl\u00e1n.<\/p>\n\n\n\n<p>De acuerdo con el Comit\u00e9 para la Liberaci\u00f3n de los Presos Pol\u00edticos, el asesinato de Julio C\u00e9sar Coctec\u00f3n forma parte de una larga serie de actos intimidatorios dirigidos en contra de Molina Gonz\u00e1lez, quien actualmente se encuentra en la parte alta de la regi\u00f3n Monta\u00f1a.<\/p>\n\n\n\n<p>Entre las acciones dirigidas contra Molina Gonz\u00e1lez, se menciona el asesinato de cuatro polic\u00edas comunitarios en noviembre de 2015, cuando realizaban sus rondines en el barrio del Fort\u00edn.<\/p>\n\n\n\n<p>En 2018 hubo un levant\u00f3n en contra de Tom\u00e1s Gonz\u00e1lez, otro integrante de la base del Fort\u00edn, cuyo cad\u00e1ver fue abandonado dentro de bolsas pl\u00e1sticas afuera de la Fiscal\u00eda del Estado.<\/p>\n\n\n\n<p>En abril del 2021, el colectivo anota que se perpetr\u00f3 el robo y el desmantelamiento de la Base del Fort\u00edn, \u201ccuando a plena luz del d\u00eda, donde ingresaron en un margen de cuatro horas, paramilitares fuertemente armados con gr\u00faas y sustrajeron ocho camionetas, herramientas varias, tinacos, colchonetas y mobiliario que se encontraba en ese recinto de la Polic\u00eda Comunitaria, en calidad de comodato por pertenecer a la comunidad de Tixtla. El operativo fue reportado a Seguridad P\u00fablica por varios de los pobladores y dichos representantes del orden hicieron caso omiso de las m\u00faltiples denuncias realizadas\u201d.<\/p>\n\n\n\n<p>Lo del martes 15, de acuerdo con el Comit\u00e9, es una acci\u00f3n que pretende generar en la sociedad de Tixtla la percepci\u00f3n de que se encuentra en la indefensi\u00f3n, por lo que se plantea un llamado a la sociedad para que esclarezcan ese, as\u00ed como los dem\u00e1s cr\u00edmenes registrados durante los \u00faltimos a\u00f1os en esa parte de la regi\u00f3n Centro de la entidad.<\/p>\n","protected":false},"excerpt":{"rendered":"<p>&#8211; Forma parte de una larga relaci\u00f3n de actos intimidatorios cometidos contra Gonzalo Molina Rogelio Agust\u00edn El Comit\u00e9 por la Liberaci\u00f3n de los Presos Pol\u00edticos de Guerrero denunci\u00f3 que el&hellip; <\/p>\n","protected":false},"author":1,"featured_media":34012,"comment_status":"open","ping_status":"open","sticky":false,"template":"","format":"standard","meta":{"fifu_image_url":"","fifu_image_alt":"","footnotes":""},"categories":[27],"tags":[],"class_list":["post-34013","post","type-post","status-publish","format-standard","has-post-thumbnail","hentry","category-seguridad-publica"],"_links":{"self":[{"href":"https:\/\/www.interaccionnoticias.com.mx\/index.php?rest_route=\/wp\/v2\/posts\/34013","targetHints":{"allow":["GET"]}}],"collection":[{"href":"https:\/\/www.interaccionnoticias.com.mx\/index.php?rest_route=\/wp\/v2\/posts"}],"about":[{"href":"https:\/\/www.interaccionnoticias.com.mx\/index.php?rest_route=\/wp\/v2\/types\/post"}],"author":[{"embeddable":true,"href":"https:\/\/www.interaccionnoticias.com.mx\/index.php?rest_route=\/wp\/v2\/users\/1"}],"replies":[{"embeddable":true,"href":"https:\/\/www.interaccionnoticias.com.mx\/index.php?rest_route=%2Fwp%2Fv2%2Fcomments&post=34013"}],"version-history":[{"count":0,"href":"https:\/\/www.interaccionnoticias.com.mx\/index.php?rest_route=\/wp\/v2\/posts\/34013\/revisions"}],"wp:featuredmedia":[{"embeddable":true,"href":"https:\/\/www.interaccionnoticias.com.mx\/index.php?rest_route=\/wp\/v2\/media\/34012"}],"wp:attachment":[{"href":"https:\/\/www.interaccionnoticias.com.mx\/index.php?rest_route=%2Fwp%2Fv2%2Fmedia&parent=34013"}],"wp:term":[{"taxonomy":"category","embeddable":true,"href":"https:\/\/www.interaccionnoticias.com.mx\/index.php?rest_route=%2Fwp%2Fv2%2Fcategories&post=34013"},{"taxonomy":"post_tag","embeddable":true,"href":"https:\/\/www.interaccionnoticias.com.mx\/index.php?rest_route=%2Fwp%2Fv2%2Ftags&post=34013"}],"curies":[{"name":"wp","href":"https:\/\/api.w.org\/{rel}","templated":true}]}}