{"id":33988,"date":"2021-06-16T17:45:46","date_gmt":"2021-06-16T22:45:46","guid":{"rendered":"http:\/\/www.inter-accion.com.mx\/?p=33988"},"modified":"2021-06-16T17:45:46","modified_gmt":"2021-06-16T22:45:46","slug":"33988","status":"publish","type":"post","link":"https:\/\/www.interaccionnoticias.com.mx\/?p=33988","title":{"rendered":"Denuncia PRD \u201cGolpe de Estado en el Congreso de Guerrero\u201d"},"content":{"rendered":"\n<p><strong><em>&#8211; Adem\u00e1s, se tomaron decisiones que dejan al Poder Legislativo en el terreno de la ilegalidad<\/em><\/strong><\/p>\n\n\n\n<p><strong>Rogelio Agust\u00edn<\/strong><\/p>\n\n\n\n<p>El coordinador de la fracci\u00f3n parlamentaria del PRD en el Congreso local, Bernardo Ortega Jim\u00e9nez calific\u00f3 como \u201cun Golpe de Estado\u201d a la forma en que la diputada del PVEM, Eunice Monz\u00f3n Garc\u00eda fue desplazada de la Mesa Directiva la jornada del martes 15 de junio.<\/p>\n\n\n\n<p>Para el legislador del partido del Sol Azteca, desde la tarde del martes 15, el Congreso de Guerrero trabaja en un contexto de ilegalidad, porque a pesar de que la diputada Monz\u00f3n Garc\u00eda se encontraba en el edificio que ocupa el Poder Legislativo, fue desplazada de manera irregular y su cargo en la Mesa Directiva ocupado por un integrante de la fracci\u00f3n parlamentaria de Morena.<\/p>\n\n\n\n<p>Dicha acci\u00f3n, adem\u00e1s de ser sumamente violenta en contra de la representante popular, dijo que vulnera lo establecido en la Constituci\u00f3n Pol\u00edtica del Estado, que establece que el partido que preside la Junta de Coordinaci\u00f3n Pol\u00edtica (Jucopo) no puede al mismo tiempo encabezar la Mesa Directiva.<\/p>\n\n\n\n<p>M\u00e1s a\u00fan, se\u00f1al\u00f3 que al usurpar la presidencia de la Mesa Directiva se dio cauce a una Orden del D\u00eda que no fue consensada en la Jucopo ni en la reuni\u00f3n de conferencia, pues se sacaron asuntos que ya estaban agendados y se incorporaron otros que no se hab\u00edan tomado en cuenta.<\/p>\n\n\n\n<p>Para sustituir a la presidenta de la Mesa Directiva del Congreso, indic\u00f3 que debe existir un oficio en el que solicite permiso para ausentarse o informe que llegar\u00e1 tarde a la sesi\u00f3n que corresponda, lo que no sucedi\u00f3.<\/p>\n\n\n\n<p>\u201cSin embargo, la pasaron por alto y echando mano de que son la primera minor\u00eda ocuparon la presidencia con un integrante de Morena, situaci\u00f3n que coloca al Congreso claramente en la ilegalidad, de tal manera que todas las decisiones que se tomen en adelante pueden ser objeto de impugnaci\u00f3n\u201d, destac\u00f3.<\/p>\n\n\n\n<p>Ortega Jim\u00e9nez refiri\u00f3 que la jornada del 15 de junio se deb\u00eda clausurar el Segundo Periodo Ordinario de Sesiones del Tercer A\u00f1o de Ejercicio Constitucional para instalar a la Comisi\u00f3n Permanente.<\/p>\n\n\n\n<p>Sin embargo, lo que pas\u00f3 fue que el Pleno ampli\u00f3 durante un mes el Periodo Ordinario, lo que insiste en que es completamente irregular y riesgoso, pues las decisiones que se tomen se pueden impugnar por la v\u00eda del amparo ante el Poder Judicial de la Federaci\u00f3n.<\/p>\n\n\n\n<p>Para el coordinador de los diputados del sol azteca, es evidente que los diputados de Morena siguen jugando al \u201ccongresito\u201d y que a pesar de que el periodo de la 62 Legislatura est\u00e1 por concluir, han dejado muy claro que no aprendieron como es que deben desempe\u00f1ar su papel.<\/p>\n","protected":false},"excerpt":{"rendered":"<p>&#8211; Adem\u00e1s, se tomaron decisiones que dejan al Poder Legislativo en el terreno de la ilegalidad Rogelio Agust\u00edn El coordinador de la fracci\u00f3n parlamentaria del PRD en el Congreso local,&hellip; <\/p>\n","protected":false},"author":1,"featured_media":33989,"comment_status":"open","ping_status":"open","sticky":false,"template":"","format":"standard","meta":{"fifu_image_url":"","fifu_image_alt":"","footnotes":""},"categories":[2],"tags":[58],"class_list":["post-33988","post","type-post","status-publish","format-standard","has-post-thumbnail","hentry","category-congreso","tag-bernardo-ortega-jimenez"],"_links":{"self":[{"href":"https:\/\/www.interaccionnoticias.com.mx\/index.php?rest_route=\/wp\/v2\/posts\/33988","targetHints":{"allow":["GET"]}}],"collection":[{"href":"https:\/\/www.interaccionnoticias.com.mx\/index.php?rest_route=\/wp\/v2\/posts"}],"about":[{"href":"https:\/\/www.interaccionnoticias.com.mx\/index.php?rest_route=\/wp\/v2\/types\/post"}],"author":[{"embeddable":true,"href":"https:\/\/www.interaccionnoticias.com.mx\/index.php?rest_route=\/wp\/v2\/users\/1"}],"replies":[{"embeddable":true,"href":"https:\/\/www.interaccionnoticias.com.mx\/index.php?rest_route=%2Fwp%2Fv2%2Fcomments&post=33988"}],"version-history":[{"count":0,"href":"https:\/\/www.interaccionnoticias.com.mx\/index.php?rest_route=\/wp\/v2\/posts\/33988\/revisions"}],"wp:featuredmedia":[{"embeddable":true,"href":"https:\/\/www.interaccionnoticias.com.mx\/index.php?rest_route=\/wp\/v2\/media\/33989"}],"wp:attachment":[{"href":"https:\/\/www.interaccionnoticias.com.mx\/index.php?rest_route=%2Fwp%2Fv2%2Fmedia&parent=33988"}],"wp:term":[{"taxonomy":"category","embeddable":true,"href":"https:\/\/www.interaccionnoticias.com.mx\/index.php?rest_route=%2Fwp%2Fv2%2Fcategories&post=33988"},{"taxonomy":"post_tag","embeddable":true,"href":"https:\/\/www.interaccionnoticias.com.mx\/index.php?rest_route=%2Fwp%2Fv2%2Ftags&post=33988"}],"curies":[{"name":"wp","href":"https:\/\/api.w.org\/{rel}","templated":true}]}}