{"id":3397,"date":"2017-04-06T18:05:52","date_gmt":"2017-04-06T23:05:52","guid":{"rendered":"http:\/\/www.inter-accion.com.mx\/?p=3397"},"modified":"2017-04-06T18:05:52","modified_gmt":"2017-04-06T23:05:52","slug":"austeridad-y-elevar-el-nivel-academico-de-la-uagro","status":"publish","type":"post","link":"https:\/\/www.interaccionnoticias.com.mx\/?p=3397","title":{"rendered":"Austeridad y elevar el nivel acad\u00e9mico de la UAGro"},"content":{"rendered":"<p>*Plantea cinco ejes y mejorar el ranking universitario<br \/>\nAcapulco, Gro.- Al rendir protesta para el segundo periodo de la rector\u00eda de la Universidad Aut\u00f3noma de Guerrero 2017-2021, Javier Salda\u00f1a, planteo un plan de austeridad en cinco ejes y elevar el nivel acad\u00e9mico.<br \/>\nAdem\u00e1s se comprometi\u00f3 a ubicar a la UAGro, entre las 20 mejores universidades p\u00fablicas del pa\u00eds, y presumi\u00f3 que por primera vez desde hace 57 a\u00f1os la m\u00e1xima casa de estudios apareci\u00f3 en el ranking internacional, ante el gobernador de Guerrero H\u00e9ctor Astudillo Flores.<br \/>\n\u201cSer de las mejores 20 universidad p\u00fabicas del pa\u00eds. Refrendarla como la mejor Universidad de Guerrero y ser referente en la participaci\u00f3n activa en el tejido social de Guerrero.<br \/>\n\u201cProponemos un programa de austeridad, la austeridad que no debe ser una respuesta coyuntural, a los recortes del gasto p\u00fablico o a las crisis econ\u00f3micas del pa\u00eds, debe ser una pol\u00edtica permanente en armon\u00eda con una rendici\u00f3n de cuentas que trascienda el reducir el gasto por reducir\u201d, dijo.<br \/>\nEn seguida enumer\u00f3 los cinco ejes de lo que ser\u00e1 su periodo al frente de la UAGro, entre los que planteo para su an\u00e1lisis y discusi\u00f3n: el primer t\u00e9rmino austeridad, racionalidad, eficiencia, impacto y transparencia\u201d, dijo ante representantes de m\u00e1s de 26 universidades del pa\u00eds.<br \/>\nSalda\u00f1a Almaz\u00e1n dijo tener una ruta clara con compromisos y metas para la mejora de la calidad educativa, que de manera natural posicionar\u00e1 en el concierto de la educaci\u00f3n superior en el pa\u00eds.<br \/>\n\u201cEn esta perspectiva, hoy somos una universidad que ha avanzado como lo muestran los indicadores, que nos posicionan como una de las mejores del pa\u00eds lo que era impensable hace cinco a\u00f1os.<br \/>\n\u201cUna universidad con indicadores de calidad en todos los \u00e1mbitos del quehacer acad\u00e9mico desde la preparatoria hasta el posgrado y la investigaci\u00f3n pasando por la licenciatura, tal como lo constata el hecho de que estamos entre las mejores 25 universidades p\u00fablicas del pa\u00eds\u201d, presumi\u00f3 ante los m\u00e1s de tres mil asistentes.<br \/>\nTambi\u00e9n mencion\u00f3 que en materia de internacionalizaci\u00f3n ya aparece, por primera vez en los ranking internacionales.<br \/>\nNo obstante reconoci\u00f3 limitaciones y deficiencias las cuales aseguro se habr\u00e1n de superar los pr\u00f3ximos cuatro a\u00f1os en los cuales se buscar\u00e1 consolidar la UAGro, acad\u00e9micamente y ser\u00e1 su principal tarea, dijo Salda\u00f1a Almaz\u00e1n.<br \/>\nFinalmente se comprometi\u00f3 con estudiantes, trabajadores universitarios y con la sociedad guerrerense. A los estudiantes apuntalar en &nbsp;la Universidad su formaci\u00f3n acad\u00e9mica, con la ampliaci\u00f3n de programas, comedores, becas, deporte y la cultura. A los sindicatos a respetar el contrato colectivo de trabajo y mejoras al personal docente.<br \/>\n&nbsp;<br \/>\n&nbsp;<\/p>\n","protected":false},"excerpt":{"rendered":"<p>*Plantea cinco ejes y mejorar el ranking universitario Acapulco, Gro.- Al rendir protesta para el segundo periodo de la rector\u00eda de la Universidad Aut\u00f3noma de Guerrero 2017-2021, Javier Salda\u00f1a, planteo&hellip; <\/p>\n","protected":false},"author":1,"featured_media":0,"comment_status":"open","ping_status":"open","sticky":false,"template":"","format":"standard","meta":{"fifu_image_url":"","fifu_image_alt":"","footnotes":""},"categories":[6,8],"tags":[],"class_list":["post-3397","post","type-post","status-publish","format-standard","hentry","category-educacion","category-featured"],"_links":{"self":[{"href":"https:\/\/www.interaccionnoticias.com.mx\/index.php?rest_route=\/wp\/v2\/posts\/3397","targetHints":{"allow":["GET"]}}],"collection":[{"href":"https:\/\/www.interaccionnoticias.com.mx\/index.php?rest_route=\/wp\/v2\/posts"}],"about":[{"href":"https:\/\/www.interaccionnoticias.com.mx\/index.php?rest_route=\/wp\/v2\/types\/post"}],"author":[{"embeddable":true,"href":"https:\/\/www.interaccionnoticias.com.mx\/index.php?rest_route=\/wp\/v2\/users\/1"}],"replies":[{"embeddable":true,"href":"https:\/\/www.interaccionnoticias.com.mx\/index.php?rest_route=%2Fwp%2Fv2%2Fcomments&post=3397"}],"version-history":[{"count":0,"href":"https:\/\/www.interaccionnoticias.com.mx\/index.php?rest_route=\/wp\/v2\/posts\/3397\/revisions"}],"wp:attachment":[{"href":"https:\/\/www.interaccionnoticias.com.mx\/index.php?rest_route=%2Fwp%2Fv2%2Fmedia&parent=3397"}],"wp:term":[{"taxonomy":"category","embeddable":true,"href":"https:\/\/www.interaccionnoticias.com.mx\/index.php?rest_route=%2Fwp%2Fv2%2Fcategories&post=3397"},{"taxonomy":"post_tag","embeddable":true,"href":"https:\/\/www.interaccionnoticias.com.mx\/index.php?rest_route=%2Fwp%2Fv2%2Ftags&post=3397"}],"curies":[{"name":"wp","href":"https:\/\/api.w.org\/{rel}","templated":true}]}}