{"id":33945,"date":"2021-06-15T20:23:00","date_gmt":"2021-06-16T01:23:00","guid":{"rendered":"http:\/\/www.inter-accion.com.mx\/?p=33945"},"modified":"2021-06-15T20:23:00","modified_gmt":"2021-06-16T01:23:00","slug":"33945","status":"publish","type":"post","link":"https:\/\/www.interaccionnoticias.com.mx\/?p=33945","title":{"rendered":"PRI y PRD acusan a Morena de torcer la Ley Org\u00e1nica del Congreso local"},"content":{"rendered":"\n<p><em><strong>&#8211; Entre otras cosas, por suplantar a la presidenta de la Mesa Directiva, Eunice Monz\u00f3n<\/strong><\/em><\/p>\n\n\n\n<p><strong>Rosario Garc\u00eda Orozco<\/strong><\/p>\n\n\n\n<p><strong>Chilpancingo, Gro, 14 de junio del 2021.-<\/strong> Diputados priistas y perredistas se retiraron de la sesi\u00f3n de Pleno del Congreso local que se desarroll\u00f3 la jornada del martes, al se\u00f1alar que de manera ilegal, el morenista Mois\u00e9s Reyes Sandoval suplant\u00f3 a la diputada presidenta del PVEM, Eunice Monz\u00f3n en la presidencia de la Mesa Directiva.<\/p>\n\n\n\n<p>Los reclamos iniciaron desde el primer minuto de la sesi\u00f3n, que se retom\u00f3 tras ser suspendida desde la semana anterior a las elecciones del 6 de junio.<\/p>\n\n\n\n<p>Primero la diputada independiente, Samantha Arroyo y despu\u00e9s la priista Araceli Alheli Alvarado, se\u00f1alaron que se haya instalado la sesi\u00f3n sin realizar los tres timbrazos que establece la ley, pues solamente se escucharon dos.<\/p>\n\n\n\n<p>El vicepresidente, Mois\u00e9s Reyes, ya instalado en la presidencia sostuvo que los tres llamados se escucharon claramente y enfatiz\u00f3: \u201ceso consta en los archivos electr\u00f3nicos del Congreso\u201d.<\/p>\n\n\n\n<p>La diputada Alicia Zamora Villalva reclam\u00f3 que presidiera la mesa directiva Mois\u00e9s Reyes y le se\u00f1al\u00f3: \u201cUsted forma parte del partido que preside la Junta de Coordinaci\u00f3n Pol\u00edtica (Jucopo) y eso no est\u00e1 permitido por la ley, el partido que preside la Jucopo no puede presidir la Mesa Directiva, eso est\u00e1 establecido, rev\u00edselo por favor\u201d.<\/p>\n\n\n\n<p>El morenista respondi\u00f3: \u201cclaro que lo s\u00e9, pero esto es una suplencia, no estamos asumiendo la presidencia de la Mesa Directiva\u201d.<\/p>\n\n\n\n<p>Ante la persistencia de la respuesta y la negativa a ceder la presidencia, Zamora inform\u00f3 sobre una decisi\u00f3n tomada en colectivo: \u201cLa fracci\u00f3n parlamentaria del Partido Revolucionario Institucional determina retirarse se la sesi\u00f3n, ante la infracci\u00f3n que cometen de manera reiterada a la Ley Org\u00e1nica del Poder Legislativo\u201d.<\/p>\n\n\n\n<p>Mientras los diputados del tricolor se alistaban para retirarse, los morenistas Marco Antonio Cabada y Ricardo Castillo Pe\u00f1a animaban al vicepresidente a continuar con el desahogo de los trabajos.<\/p>\n\n\n\n<p>Zamora Villalba, ya en la retirada le asest\u00f3: \u201cTendr\u00e1n ustedes (Morena) la mayor\u00eda y la votaci\u00f3n as\u00ed lo ha expresado, pero lo que est\u00e1n haciendo, est\u00e1 totalmente fuera de la legalidad y que quede constancia de ello\u201d.<\/p>\n\n\n\n<p>La sesi\u00f3n continu\u00f3 con la presencia de 26 legisladores, la mayor\u00eda pertenecientes a la bancada de Morena, quienes aprobaron la extensi\u00f3n por un mes m\u00e1s del periodo ordinario de sesiones, con la intenci\u00f3n de desahogar asuntos pendientes.<\/p>\n\n\n\n<p>El \u00faltimo Periodo Ordinario de Sesiones, del \u00faltimo a\u00f1o de Ejercicio Constitucional de la 62 Legislatura local se prorrogar\u00e1 hasta el 15 de julio, de acuerdo con lo aprobado por el Pleno.<\/p>\n\n\n\n<p>V\u00eda comunicado, la fracci\u00f3n parlamentaria del PRD reclam\u00f3 el \u201cvoluntarismo y la falta de oficio pol\u00edtico con que opera la fracci\u00f3n parlamentaria de Morena\u201d.<\/p>\n\n\n\n<p>Para la bancada del sol azteca, la actitud del diputado Reyes Sandoval es claramente ilegal, pues asume el cargo y las funciones de la Presidencia de la Mesa Directiva sin estar facultado legalmente.,<\/p>\n\n\n\n<p>Ese tipo actitudes, de acuerdo con la bancada del sol azteca representa \u201cun obst\u00e1culo para el desarrollo legal y arm\u00f3nico de los trabajos legislativos\u201d.<\/p>\n\n\n\n<p>De acuerdo con la legislaci\u00f3n actual, Reyes Sandoval presidi\u00f3 la Mesa Directiva violando el Art\u00edculo 63, numeral 2 de la Constituci\u00f3n Pol\u00edtica del Estado Libre y Soberano de Guerrero que establece lo siguiente: \u201cEn ning\u00fan caso, la presidencia de la Mesa Directiva recaer\u00e1 en un Diputado que pertenezca al grupo parlamentario que presida la Junta de Coordinaci\u00f3n Pol\u00edtica en el mismo a\u00f1o legislativo\u201d.<\/p>\n\n\n\n<p>Pero hicieron hincapi\u00e9 en el hecho de que estando la diputada Eunice Monz\u00f3n Garc\u00eda, presidenta de la Mesa Directiva, presente en el recinto legislativo, \u201chaya sido excluida por el grupo mayoritario, quienes tomaron la determinaci\u00f3n de iniciar la sesi\u00f3n, prescindiendo de su presencia\u201d.<\/p>\n\n\n\n<p>En consecuencia, destacan que los acuerdos tomados en la sesi\u00f3n de este martes son ilegales.<\/p>\n\n\n\n<p>La ampliaci\u00f3n del Periodo Ordinario de Sesiones, refieren que \u201ces \u00fanica y exclusivamente para la aprobaci\u00f3n de asuntos, de acuerdo a su trascendencia, los cu\u00e1les, en la sesi\u00f3n ni siquiera se mencionaron\u201d.<\/p>\n\n\n\n<p>Por esa raz\u00f3n llamaron al di\u00e1logo a los legisladores de Morena, y los invitaron a reencauzar el proceso legislativo \u201cpara evitar que los dict\u00e1menes y acuerdos que se presenten en esta pr\u00f3rroga que aprobaron, resulten nulos de pleno derecho\u201d.<\/p>\n\n\n\n<p>La presidenta de la Mesa Directiva, Eunice Monz\u00f3n sostuvo que s\u00ed hay violaci\u00f3n a la Ley Org\u00e1nica del Poder Legislativo, en la actuaci\u00f3n de los legisladores de Morena, pues enfatiz\u00f3: \u201cYo estaba en el edificio y ellos decidieron reiniciar sesi\u00f3n\u201d.<\/p>\n\n\n\n<p>Pero adem\u00e1s, se anota que es una la orden del d\u00eda que se circul\u00f3 entre los diputados y otra muy diferente la que se aprob\u00f3, lo que empeora la situaci\u00f3n.<\/p>\n","protected":false},"excerpt":{"rendered":"<p>&#8211; Entre otras cosas, por suplantar a la presidenta de la Mesa Directiva, Eunice Monz\u00f3n Rosario Garc\u00eda Orozco Chilpancingo, Gro, 14 de junio del 2021.- Diputados priistas y perredistas se&hellip; <\/p>\n","protected":false},"author":1,"featured_media":33927,"comment_status":"open","ping_status":"open","sticky":false,"template":"","format":"standard","meta":{"fifu_image_url":"","fifu_image_alt":"","footnotes":""},"categories":[2],"tags":[],"class_list":["post-33945","post","type-post","status-publish","format-standard","has-post-thumbnail","hentry","category-congreso"],"_links":{"self":[{"href":"https:\/\/www.interaccionnoticias.com.mx\/index.php?rest_route=\/wp\/v2\/posts\/33945","targetHints":{"allow":["GET"]}}],"collection":[{"href":"https:\/\/www.interaccionnoticias.com.mx\/index.php?rest_route=\/wp\/v2\/posts"}],"about":[{"href":"https:\/\/www.interaccionnoticias.com.mx\/index.php?rest_route=\/wp\/v2\/types\/post"}],"author":[{"embeddable":true,"href":"https:\/\/www.interaccionnoticias.com.mx\/index.php?rest_route=\/wp\/v2\/users\/1"}],"replies":[{"embeddable":true,"href":"https:\/\/www.interaccionnoticias.com.mx\/index.php?rest_route=%2Fwp%2Fv2%2Fcomments&post=33945"}],"version-history":[{"count":0,"href":"https:\/\/www.interaccionnoticias.com.mx\/index.php?rest_route=\/wp\/v2\/posts\/33945\/revisions"}],"wp:featuredmedia":[{"embeddable":true,"href":"https:\/\/www.interaccionnoticias.com.mx\/index.php?rest_route=\/wp\/v2\/media\/33927"}],"wp:attachment":[{"href":"https:\/\/www.interaccionnoticias.com.mx\/index.php?rest_route=%2Fwp%2Fv2%2Fmedia&parent=33945"}],"wp:term":[{"taxonomy":"category","embeddable":true,"href":"https:\/\/www.interaccionnoticias.com.mx\/index.php?rest_route=%2Fwp%2Fv2%2Fcategories&post=33945"},{"taxonomy":"post_tag","embeddable":true,"href":"https:\/\/www.interaccionnoticias.com.mx\/index.php?rest_route=%2Fwp%2Fv2%2Ftags&post=33945"}],"curies":[{"name":"wp","href":"https:\/\/api.w.org\/{rel}","templated":true}]}}