{"id":33940,"date":"2021-06-15T19:13:00","date_gmt":"2021-06-16T00:13:00","guid":{"rendered":"http:\/\/www.inter-accion.com.mx\/?p=33940"},"modified":"2021-06-15T19:13:00","modified_gmt":"2021-06-16T00:13:00","slug":"33940","status":"publish","type":"post","link":"https:\/\/www.interaccionnoticias.com.mx\/?p=33940","title":{"rendered":"Aceptan los trabajadores del Congreso Local incremento de 3.15 por ciento"},"content":{"rendered":"\n<p><strong>SNI, Chilpancingo, Gro., 15 de junio del 2021.-<\/strong> A dos meses de iniciada la negociaci\u00f3n, finalmente los trabajadores del Congreso Local aceptaron el incremento salarial del 3.15 por ciento, que representa en promedio dos millones de pesos y que se aplicar\u00e1 a los casi 400 bur\u00f3cratas del Poder Legislativo.<\/p>\n\n\n\n<p>El presidente de la Junta de Coordinaci\u00f3n Pol\u00edtica (Jucopo), Alfredo S\u00e1nchez Esquivel inform\u00f3 que luego de dos meses de negociaciones, este martes de ver\u00e1 reflejado ya el incremento que la noche de este lunes acordaron los l\u00edderes sindicales y la administraci\u00f3n del Congreso Local.<\/p>\n\n\n\n<p>El diputado morenista reconoci\u00f3 a los lideres del sindicato de trabajadores la disposici\u00f3n para llegar a acuerdos y que se pueda aplicar ya ese incremento, que a pesar de que no era el que solicitaron, del 8 por ciento, lo aceptaron.<\/p>\n\n\n\n<p>Record\u00f3 el legislador que este a\u00f1o no hubo incremento alguno para el congreso por lo que ni siquiera debi\u00f3 haberse aprobado un incremento salarial, pero se dijo conciente de las necesidades de los trabajadores por lo que se busc\u00f3 que entre los ahorros que se hicieron en otras \u00e1reas se pudiera contar con el recurso necesario para reforzar la econom\u00eda del personal.<\/p>\n\n\n\n<p>El incremento representa cerca de 2 millones de pesos y se aplicar\u00e1 a la totalidad de trabajadores del congreso, \u201cporque aqu\u00ed no hay trabajadores de primera o de segunda el incremento es para todo trabajador que desempe\u00f1a una actividad, el incremento es parejo\u201d, sostuvo el diputado de Morena.<\/p>\n\n\n\n<p>S\u00e1nchez Esquivel tambi\u00e9n reconoci\u00f3 a los trabajadores administrativos porque han sabido manejar de manera adecuada las finanzas, \u201cy gracias a ese manejo tenemos un peque\u00f1o ahorro de recurso con el cual podemos responder a los trabajadores y por otro lado decirte que estamos en el cierre de la legislatura, lo que significa que habr\u00e1 muchas liquidaciones. y con todo lo que te digo, en un lenguaje coloquial, no hay dinero que alcance\u201d.<\/p>\n\n\n\n<p>Mencion\u00f3 que si antes fue posible manejar las finanzas de manera menos estricta, ahora no lo es y es que desde enero pasado a la fecha le han realizado al poder legislativo local 4 auditor\u00edas de diferentes temas financieros.<\/p>\n\n\n\n<p>Finalmente explic\u00f3 que hoy d\u00eda se tiene que ser muy cuidadoso en el manejo de las finanzas publicas, porque de lo contrario \u201cte enfrentas a una realidad en la que puedes ser sancionado por la propia autoridad competente\u201d.<\/p>\n","protected":false},"excerpt":{"rendered":"<p>SNI, Chilpancingo, Gro., 15 de junio del 2021.- A dos meses de iniciada la negociaci\u00f3n, finalmente los trabajadores del Congreso Local aceptaron el incremento salarial del 3.15 por ciento, que&hellip; <\/p>\n","protected":false},"author":1,"featured_media":33926,"comment_status":"open","ping_status":"open","sticky":false,"template":"","format":"standard","meta":{"fifu_image_url":"","fifu_image_alt":"","footnotes":""},"categories":[2],"tags":[],"class_list":["post-33940","post","type-post","status-publish","format-standard","has-post-thumbnail","hentry","category-congreso"],"_links":{"self":[{"href":"https:\/\/www.interaccionnoticias.com.mx\/index.php?rest_route=\/wp\/v2\/posts\/33940","targetHints":{"allow":["GET"]}}],"collection":[{"href":"https:\/\/www.interaccionnoticias.com.mx\/index.php?rest_route=\/wp\/v2\/posts"}],"about":[{"href":"https:\/\/www.interaccionnoticias.com.mx\/index.php?rest_route=\/wp\/v2\/types\/post"}],"author":[{"embeddable":true,"href":"https:\/\/www.interaccionnoticias.com.mx\/index.php?rest_route=\/wp\/v2\/users\/1"}],"replies":[{"embeddable":true,"href":"https:\/\/www.interaccionnoticias.com.mx\/index.php?rest_route=%2Fwp%2Fv2%2Fcomments&post=33940"}],"version-history":[{"count":0,"href":"https:\/\/www.interaccionnoticias.com.mx\/index.php?rest_route=\/wp\/v2\/posts\/33940\/revisions"}],"wp:featuredmedia":[{"embeddable":true,"href":"https:\/\/www.interaccionnoticias.com.mx\/index.php?rest_route=\/wp\/v2\/media\/33926"}],"wp:attachment":[{"href":"https:\/\/www.interaccionnoticias.com.mx\/index.php?rest_route=%2Fwp%2Fv2%2Fmedia&parent=33940"}],"wp:term":[{"taxonomy":"category","embeddable":true,"href":"https:\/\/www.interaccionnoticias.com.mx\/index.php?rest_route=%2Fwp%2Fv2%2Fcategories&post=33940"},{"taxonomy":"post_tag","embeddable":true,"href":"https:\/\/www.interaccionnoticias.com.mx\/index.php?rest_route=%2Fwp%2Fv2%2Ftags&post=33940"}],"curies":[{"name":"wp","href":"https:\/\/api.w.org\/{rel}","templated":true}]}}