{"id":33937,"date":"2021-06-15T19:02:00","date_gmt":"2021-06-16T00:02:00","guid":{"rendered":"http:\/\/www.inter-accion.com.mx\/?p=33937"},"modified":"2021-06-15T19:02:00","modified_gmt":"2021-06-16T00:02:00","slug":"33937","status":"publish","type":"post","link":"https:\/\/www.interaccionnoticias.com.mx\/?p=33937","title":{"rendered":"PRD rechaza violencia pol\u00edtica contra candidata a regidora"},"content":{"rendered":"\n<p><strong><em>&#8211; El cambio de \u00c1ngeles V\u00e1zquez Pastor de la regidur\u00eda 1 de Chilpancingo por un hombre, fue decisi\u00f3n del Consejo Distrital n\u00famero 02, aclar\u00f3 representante<\/em><\/strong><\/p>\n\n\n\n<p><strong>Vianey Ponce<\/strong><\/p>\n\n\n\n<p>El representante del Partido de la Revoluci\u00f3n Democr\u00e1tica (PRD) ante el Instituto Electoral y de Participaci\u00f3n Ciudadana (IEPC), Daniel Meza Loeza sostuvo que su partido no tuvo nada que ver en el reemplazo que se hizo en el Consejo Distrital 02 de la candidata al cargo de regidor, \u00c1ngeles V\u00e1zquez Pastor.<\/p>\n\n\n\n<p>El lunes 14 de junio, la candidata a regidora en Chilpancingo denunci\u00f3 violencia pol\u00edtica en raz\u00f3n de g\u00e9nero, al ser sustituida como candidata n\u00famero uno en la lista de regidores para poner en su lugar a su compa\u00f1ero hombre, Oscar Garibay, quien estaba en la cuarta posici\u00f3n de la lista y finalmente recibi\u00f3 la constancia que lo acredita como regidor del pr\u00f3ximo cabildo municipal.<\/p>\n\n\n\n<p>El movimiento provoc\u00f3 que V\u00e1zquez Pastor quedara fuera del Cabildo, sin que se le explicara la raz\u00f3n.<\/p>\n\n\n\n<p>Por esa raz\u00f3n, la agraviada present\u00f3 una queja ante el Consejo Distrital 02, instancia en donde fue excluida y sugiri\u00f3 la presunta participaci\u00f3n del PRD en este movimiento, con el que, subray\u00f3 que se alter\u00f3 de \u00faltimo momento la lista de candidatos que previamente fue avalada por el IEPC.<\/p>\n\n\n\n<p>Al respecto, el representante del PRD ante el \u00f3rgano electoral local manifest\u00f3 que tal determinaci\u00f3n fue un criterio tomado directamente por los integrantes del Consejo Distrital 02.<\/p>\n\n\n\n<p>Record\u00f3 que los consejos distritales tienen la facultad de hacer las asignaciones correspondientes sin necesidad del aval de la representaci\u00f3n de los partidos pol\u00edticos, lo que sucedi\u00f3 en el caso de Chilpancingo.<\/p>\n\n\n\n<p>Asegur\u00f3 que desconoce cuales fueron los criterios que tom\u00f3 el consejo distrital para hacer el cambio, pero dijo que existen lineamientos que se deben tomar en cuenta para hacer las designaciones de las regidur\u00edas, como el que no exista la sobre representaci\u00f3n de un g\u00e9nero, por el contrario, se cuida siempre que la integraci\u00f3n del cabildo sea paritaria.<\/p>\n\n\n\n<p>Sostuvo que son los Tribunales electorales los facultados para determinar si es v\u00e1lida la queja de violencia pol\u00edtica de g\u00e9nero, que ya promovi\u00f3 \u00c1ngeles V\u00e1zquez Pastor.<\/p>\n","protected":false},"excerpt":{"rendered":"<p>&#8211; El cambio de \u00c1ngeles V\u00e1zquez Pastor de la regidur\u00eda 1 de Chilpancingo por un hombre, fue decisi\u00f3n del Consejo Distrital n\u00famero 02, aclar\u00f3 representante Vianey Ponce El representante del&hellip; <\/p>\n","protected":false},"author":1,"featured_media":33930,"comment_status":"open","ping_status":"open","sticky":false,"template":"","format":"standard","meta":{"fifu_image_url":"","fifu_image_alt":"","footnotes":""},"categories":[25],"tags":[],"class_list":["post-33937","post","type-post","status-publish","format-standard","has-post-thumbnail","hentry","category-ruta-2021"],"_links":{"self":[{"href":"https:\/\/www.interaccionnoticias.com.mx\/index.php?rest_route=\/wp\/v2\/posts\/33937","targetHints":{"allow":["GET"]}}],"collection":[{"href":"https:\/\/www.interaccionnoticias.com.mx\/index.php?rest_route=\/wp\/v2\/posts"}],"about":[{"href":"https:\/\/www.interaccionnoticias.com.mx\/index.php?rest_route=\/wp\/v2\/types\/post"}],"author":[{"embeddable":true,"href":"https:\/\/www.interaccionnoticias.com.mx\/index.php?rest_route=\/wp\/v2\/users\/1"}],"replies":[{"embeddable":true,"href":"https:\/\/www.interaccionnoticias.com.mx\/index.php?rest_route=%2Fwp%2Fv2%2Fcomments&post=33937"}],"version-history":[{"count":0,"href":"https:\/\/www.interaccionnoticias.com.mx\/index.php?rest_route=\/wp\/v2\/posts\/33937\/revisions"}],"wp:featuredmedia":[{"embeddable":true,"href":"https:\/\/www.interaccionnoticias.com.mx\/index.php?rest_route=\/wp\/v2\/media\/33930"}],"wp:attachment":[{"href":"https:\/\/www.interaccionnoticias.com.mx\/index.php?rest_route=%2Fwp%2Fv2%2Fmedia&parent=33937"}],"wp:term":[{"taxonomy":"category","embeddable":true,"href":"https:\/\/www.interaccionnoticias.com.mx\/index.php?rest_route=%2Fwp%2Fv2%2Fcategories&post=33937"},{"taxonomy":"post_tag","embeddable":true,"href":"https:\/\/www.interaccionnoticias.com.mx\/index.php?rest_route=%2Fwp%2Fv2%2Ftags&post=33937"}],"curies":[{"name":"wp","href":"https:\/\/api.w.org\/{rel}","templated":true}]}}