{"id":33934,"date":"2021-06-15T18:55:00","date_gmt":"2021-06-15T23:55:00","guid":{"rendered":"http:\/\/www.inter-accion.com.mx\/?p=33934"},"modified":"2021-06-15T18:55:00","modified_gmt":"2021-06-15T23:55:00","slug":"33934","status":"publish","type":"post","link":"https:\/\/www.interaccionnoticias.com.mx\/?p=33934","title":{"rendered":"Desmembrado, abandonan cad\u00e1ver de Comisario de Acatempa, municipio de Tixtla"},"content":{"rendered":"\n<p><strong><em>&#8211; Julio Coctec\u00f3n, ex polic\u00eda comunitario fue privado de la libertad la tarde del martes, frente a su esposa e hijo<\/em><\/strong><\/p>\n\n\n\n<p><strong>Rogelio Agust\u00edn<\/strong><br><br>El comisario de la comunidad de Acatempa, municipio de Tixtla, Julio Coctec\u00f3n Rend\u00f3n fue privado de la libertad por un grupo de hombres armados, su cuerpo fue encontrado desmembrado en el barrio del Fort\u00edn, perteneciente a la misma demarcaci\u00f3n y que fuera el principal centro de operaci\u00f3n de la Polic\u00eda Comunitaria \u201cMi Patria es Primero\u201d.<br><br>La tarde del martes, el Comit\u00e9 por la Libertad de los Presos Pol\u00edticos del Estado de Guerrero, inform\u00f3 a trav\u00e9s de su p\u00e1gina de Facebook, que alrededor de las 13:00 horas, cuando se encontraba trabajando en su tierra de labor, el comisario fue abordado por un grupo de hombres armados, quienes se indic\u00f3, vest\u00edan ropa tipo militar.<br><br>El representante comunitario, que saliera de prisi\u00f3n en marzo pasado, de acuerdo con la organizaci\u00f3n social, fue llevado hacia una barranca que lleva al punto conocido como Ojitos de Agua.<br><br>Al momento en que se gener\u00f3 la privaci\u00f3n de la libertad, el ex integrante de la Polic\u00eda Comunitaria de Acatempa se encontraba trabajando con su esposa e hijo, quienes fueron amedrentados para que no denunciaran el hecho.<br><br>El Comit\u00e9 por la Libertad de los Presos Pol\u00edticos se\u00f1al\u00f3 que hasta entrada la tarde, la Polic\u00eda Comunitaria de Acatempa, de la que form\u00f3 parte Julio Coctec\u00f3n no hab\u00eda reaccionado.<br><br>Despu\u00e9s de las 17:00 horas se report\u00f3 el hallazgo de un cad\u00e1ver desmembrado en la entrada de las canchas del barrio del fort\u00edn, donde en 2014 se ubicara el principal centro de operaciones de la Polic\u00eda Comunitaria \u201cMi Patria es Primero\u201d, que dirige Gonzalo Molina Gonz\u00e1lez, de quien se ha deslindado la Coordinadora Regional de Autoridades Comunitarias (CRAC).<br><br>Personal de la Fiscal\u00eda General del Estado (FGE) acudi\u00f3 al lugar para resguardar al Servicio M\u00e9dico Forense (Semefo), fue cuando se confirm\u00f3 que los restos correspond\u00edan al ex polic\u00eda comunitario y comisario de Acatempa.<br><br>Julio Coctec\u00f3n Rend\u00f3n permaneci\u00f3 en prisi\u00f3n durante tres a\u00f1os, acusado de secuestro y portaci\u00f3n ilegal de arma de fuego, a partir de su participaci\u00f3n en la Polic\u00eda Comunitaria de Tixtla.<\/p>\n","protected":false},"excerpt":{"rendered":"<p>&#8211; Julio Coctec\u00f3n, ex polic\u00eda comunitario fue privado de la libertad la tarde del martes, frente a su esposa e hijo Rogelio Agust\u00edn El comisario de la comunidad de Acatempa,&hellip; <\/p>\n","protected":false},"author":1,"featured_media":33929,"comment_status":"open","ping_status":"open","sticky":false,"template":"","format":"standard","meta":{"fifu_image_url":"","fifu_image_alt":"","footnotes":""},"categories":[27],"tags":[],"class_list":["post-33934","post","type-post","status-publish","format-standard","has-post-thumbnail","hentry","category-seguridad-publica"],"_links":{"self":[{"href":"https:\/\/www.interaccionnoticias.com.mx\/index.php?rest_route=\/wp\/v2\/posts\/33934","targetHints":{"allow":["GET"]}}],"collection":[{"href":"https:\/\/www.interaccionnoticias.com.mx\/index.php?rest_route=\/wp\/v2\/posts"}],"about":[{"href":"https:\/\/www.interaccionnoticias.com.mx\/index.php?rest_route=\/wp\/v2\/types\/post"}],"author":[{"embeddable":true,"href":"https:\/\/www.interaccionnoticias.com.mx\/index.php?rest_route=\/wp\/v2\/users\/1"}],"replies":[{"embeddable":true,"href":"https:\/\/www.interaccionnoticias.com.mx\/index.php?rest_route=%2Fwp%2Fv2%2Fcomments&post=33934"}],"version-history":[{"count":0,"href":"https:\/\/www.interaccionnoticias.com.mx\/index.php?rest_route=\/wp\/v2\/posts\/33934\/revisions"}],"wp:featuredmedia":[{"embeddable":true,"href":"https:\/\/www.interaccionnoticias.com.mx\/index.php?rest_route=\/wp\/v2\/media\/33929"}],"wp:attachment":[{"href":"https:\/\/www.interaccionnoticias.com.mx\/index.php?rest_route=%2Fwp%2Fv2%2Fmedia&parent=33934"}],"wp:term":[{"taxonomy":"category","embeddable":true,"href":"https:\/\/www.interaccionnoticias.com.mx\/index.php?rest_route=%2Fwp%2Fv2%2Fcategories&post=33934"},{"taxonomy":"post_tag","embeddable":true,"href":"https:\/\/www.interaccionnoticias.com.mx\/index.php?rest_route=%2Fwp%2Fv2%2Ftags&post=33934"}],"curies":[{"name":"wp","href":"https:\/\/api.w.org\/{rel}","templated":true}]}}