{"id":3393,"date":"2017-04-05T19:24:05","date_gmt":"2017-04-06T00:24:05","guid":{"rendered":"http:\/\/www.inter-accion.com.mx\/?p=3393"},"modified":"2017-04-05T19:24:05","modified_gmt":"2017-04-06T00:24:05","slug":"42-anos-despues-los-restos-de-dos-combatientes-de-lucio-cabanas-regresaran-a-sus-comunidades","status":"publish","type":"post","link":"https:\/\/www.interaccionnoticias.com.mx\/?p=3393","title":{"rendered":"42 a\u00f1os despu\u00e9s, los restos de dos combatientes de Lucio Caba\u00f1as regresar\u00e1n a sus comunidades"},"content":{"rendered":"<p>Cayeron abatidos durante la Guerra Sucia de los 70s<br \/>\n&nbsp;<br \/>\n&nbsp;<br \/>\nA 42 a\u00f1os de caer en combate, los restos de dos guerrilleros bajo las \u00f3rdenes de Lucio Caba\u00f1as Barrientos ser\u00e1n entregados a sus familias, para ser sepultados en sus lugares de origen.<br \/>\nNicomedes Fuentes, integrante de la extinta Comisi\u00f3n de la Verdad en Guerrero, explic\u00f3 que se trata de Eliseo Flores V\u00e1zquez y Mart\u00edn Nario Org\u00e1nez, quienes murieron a manos de personal del Ej\u00e9rcito Mexicano, tras luchar en el lado de Lucio Caba\u00f1as, fundador del Partido de los Pobres (PDLP).<br \/>\nPara el Centro de Derechos Humanos Jos\u00e9 Mar\u00eda Morelos y Pav\u00f3n, Eliseo y Nazario son considerados como v\u00edctimas de la Guerra Sucia, como se conoce a la d\u00e9cada comprendida entre 1969 y 1979.<br \/>\nLa ubicaci\u00f3n e identificaci\u00f3n de los restos de ambos guerrilleros es producto de del trabajo realizado por la ComVerdad, en una investigaci\u00f3n ciudadana que conduce a un juicio popular, el cual se indica, no castiga penalmente a los perpetuadores de la Guerra Sucia, pero que sirve como antecedente que demuestra que el poder gubernamental y pol\u00edtico han peleado por perpetuar las injusticas que sirven a sus intereses, utilizando para ello al Ejercito Mexicano.<br \/>\nEllos permanecieron en calidad de desaparecidos durante casi medio siglo.<br \/>\nEste jueves ser\u00e1n recibidos por sus familias y podr\u00e1n darles la sepultura correspondiente, el Centro de Derechos Humans de Chilapa sostiene que no deber\u00eda de neg\u00e1rseles la reparaci\u00f3n del da\u00f1o, al igual que el acceso a la justicia.<br \/>\nLa ceremonia se desarrollar\u00e1 este jueves por la tarde en Chilpancingo, Eliseo ser\u00e1 sepultado en Chilapa, mientras que Mart\u00edn regresar\u00e1 hacia Atoyac, en la Costa Grande de Guerrero.<\/p>\n","protected":false},"excerpt":{"rendered":"<p>Cayeron abatidos durante la Guerra Sucia de los 70s &nbsp; &nbsp; A 42 a\u00f1os de caer en combate, los restos de dos guerrilleros bajo las \u00f3rdenes de Lucio Caba\u00f1as Barrientos&hellip; <\/p>\n","protected":false},"author":1,"featured_media":0,"comment_status":"open","ping_status":"open","sticky":false,"template":"","format":"standard","meta":{"fifu_image_url":"","fifu_image_alt":"","footnotes":""},"categories":[8,15],"tags":[],"class_list":["post-3393","post","type-post","status-publish","format-standard","hentry","category-featured","category-movimientos-sociales"],"_links":{"self":[{"href":"https:\/\/www.interaccionnoticias.com.mx\/index.php?rest_route=\/wp\/v2\/posts\/3393","targetHints":{"allow":["GET"]}}],"collection":[{"href":"https:\/\/www.interaccionnoticias.com.mx\/index.php?rest_route=\/wp\/v2\/posts"}],"about":[{"href":"https:\/\/www.interaccionnoticias.com.mx\/index.php?rest_route=\/wp\/v2\/types\/post"}],"author":[{"embeddable":true,"href":"https:\/\/www.interaccionnoticias.com.mx\/index.php?rest_route=\/wp\/v2\/users\/1"}],"replies":[{"embeddable":true,"href":"https:\/\/www.interaccionnoticias.com.mx\/index.php?rest_route=%2Fwp%2Fv2%2Fcomments&post=3393"}],"version-history":[{"count":0,"href":"https:\/\/www.interaccionnoticias.com.mx\/index.php?rest_route=\/wp\/v2\/posts\/3393\/revisions"}],"wp:attachment":[{"href":"https:\/\/www.interaccionnoticias.com.mx\/index.php?rest_route=%2Fwp%2Fv2%2Fmedia&parent=3393"}],"wp:term":[{"taxonomy":"category","embeddable":true,"href":"https:\/\/www.interaccionnoticias.com.mx\/index.php?rest_route=%2Fwp%2Fv2%2Fcategories&post=3393"},{"taxonomy":"post_tag","embeddable":true,"href":"https:\/\/www.interaccionnoticias.com.mx\/index.php?rest_route=%2Fwp%2Fv2%2Ftags&post=3393"}],"curies":[{"name":"wp","href":"https:\/\/api.w.org\/{rel}","templated":true}]}}