{"id":33917,"date":"2021-06-15T17:50:24","date_gmt":"2021-06-15T22:50:24","guid":{"rendered":"http:\/\/www.inter-accion.com.mx\/?p=33917"},"modified":"2021-06-15T17:50:24","modified_gmt":"2021-06-15T22:50:24","slug":"33917","status":"publish","type":"post","link":"https:\/\/www.interaccionnoticias.com.mx\/?p=33917","title":{"rendered":"Omar Jalil impugnar\u00e1 la elecci\u00f3n municipal de Taxco"},"content":{"rendered":"\n<p><strong><em>&#8211; El priista no reconoce el triunfo de Mario Figueroa Mundo, de FPM<br \/>Alejandro G\u00f3mez Sotelo<\/em><\/strong>.<\/p>\n\n\n\n<p>El candidato de la alianza PRI-PRD a la presidencia municipal de Taxco, Omar Jalil Flores Majul, anunci\u00f3 que impugnar\u00e1 los resultados de las elecciones del pasado 6 de Junio para renovar la alcald\u00eda platera, debido a que la poblaci\u00f3n no tuvo la oportunidad de elegir libremente a sus representantes populares ante la existencia de diferentes irregularidades, en lo que consider\u00f3 como una jornada electoral \u201cat\u00edpica\u201d.<\/p>\n\n\n\n<p>A trav\u00e9s de un comunicado, el abanderado com\u00fan de esos dos partidos pol\u00edticos anticip\u00f3 que har\u00e1 valer su derecho constitucional y el de los propios taxque\u00f1os de decidir libremente a sus autoridades municipales y sin condicionamientos, \u201cnuestro proyecto pol\u00edtico siempre ha sido incluyente y de puertas abiertas, buscando el orden, respeto y la paz en nuestro municipio, privilegiando la armon\u00eda social, pero \u00e9sta ocasi\u00f3n hubo acontecimientos lamentables\u201d, apunt\u00f3.<\/p>\n\n\n\n<p>Flores Majul, dijo contar con los elementos legales para acudir a las instancias jur\u00eddico-electorales e impugnar el resultado de la elecci\u00f3n por la presidencia municipal de Taxco, as\u00ed como para dar a conocer p\u00fablicamente las irregularidades registradas en ese proceso \u201cat\u00edpico\u201d y nunca antes visto en el municipio, toda vez que no existieron las condiciones para que la gente de la zona urbana y rural ejercieran su derecho al voto de una manera libre y sin condicionamientos.<\/p>\n\n\n\n<p>En su misiva, el candidato a la alcald\u00eda manifest\u00f3 su compromiso con las miles de personas que creyeron y confiaron en el proyecto de Amor por Taxco, a quienes les pidi\u00f3 mantener la prudencia y mesura y optar por el uso de las herramientas jur\u00eddicas y de la ley para refrendar la voluntad democr\u00e1tica del pueblo, as\u00ed como para propiciar las condiciones donde la comunidad pueda elegir libremente a sus representantes.<\/p>\n\n\n\n<p>\u201cComo candidato a la presidencia municipal de Taxco de la alianza PRI-PRD, quiero agradecer a todas las mujeres y hombres que le apostaron a un proyecto de Amor por Taxco y nos dieron su respaldo, as\u00ed como su voto de confianza, gracias por sus muestras de apoyo y solidaridad, nuestro proyecto contin\u00faa porque va m\u00e1s all\u00e1 de un cargo p\u00fablico, nuestro compromiso es con ustedes\u201d, expresa el comunicado firmado por el candidato, Omar Jalil Flores Majul.<\/p>\n\n\n\n<p>Hasta el momento ning\u00fan otro candidato a la alcald\u00eda se ha pronunciado en contra de los resultados registrados en la jornada electoral del 6 de Junio y tampoco han expresado su decisi\u00f3n de impugnar los comicios.<\/p>\n","protected":false},"excerpt":{"rendered":"<p>&#8211; El priista no reconoce el triunfo de Mario Figueroa Mundo, de FPMAlejandro G\u00f3mez Sotelo. El candidato de la alianza PRI-PRD a la presidencia municipal de Taxco, Omar Jalil Flores&hellip; <\/p>\n","protected":false},"author":1,"featured_media":33916,"comment_status":"open","ping_status":"open","sticky":false,"template":"","format":"standard","meta":{"fifu_image_url":"","fifu_image_alt":"","footnotes":""},"categories":[25],"tags":[],"class_list":["post-33917","post","type-post","status-publish","format-standard","has-post-thumbnail","hentry","category-ruta-2021"],"_links":{"self":[{"href":"https:\/\/www.interaccionnoticias.com.mx\/index.php?rest_route=\/wp\/v2\/posts\/33917","targetHints":{"allow":["GET"]}}],"collection":[{"href":"https:\/\/www.interaccionnoticias.com.mx\/index.php?rest_route=\/wp\/v2\/posts"}],"about":[{"href":"https:\/\/www.interaccionnoticias.com.mx\/index.php?rest_route=\/wp\/v2\/types\/post"}],"author":[{"embeddable":true,"href":"https:\/\/www.interaccionnoticias.com.mx\/index.php?rest_route=\/wp\/v2\/users\/1"}],"replies":[{"embeddable":true,"href":"https:\/\/www.interaccionnoticias.com.mx\/index.php?rest_route=%2Fwp%2Fv2%2Fcomments&post=33917"}],"version-history":[{"count":0,"href":"https:\/\/www.interaccionnoticias.com.mx\/index.php?rest_route=\/wp\/v2\/posts\/33917\/revisions"}],"wp:featuredmedia":[{"embeddable":true,"href":"https:\/\/www.interaccionnoticias.com.mx\/index.php?rest_route=\/wp\/v2\/media\/33916"}],"wp:attachment":[{"href":"https:\/\/www.interaccionnoticias.com.mx\/index.php?rest_route=%2Fwp%2Fv2%2Fmedia&parent=33917"}],"wp:term":[{"taxonomy":"category","embeddable":true,"href":"https:\/\/www.interaccionnoticias.com.mx\/index.php?rest_route=%2Fwp%2Fv2%2Fcategories&post=33917"},{"taxonomy":"post_tag","embeddable":true,"href":"https:\/\/www.interaccionnoticias.com.mx\/index.php?rest_route=%2Fwp%2Fv2%2Ftags&post=33917"}],"curies":[{"name":"wp","href":"https:\/\/api.w.org\/{rel}","templated":true}]}}