{"id":33913,"date":"2021-06-15T17:39:24","date_gmt":"2021-06-15T22:39:24","guid":{"rendered":"http:\/\/www.inter-accion.com.mx\/?p=33913"},"modified":"2021-06-15T17:39:24","modified_gmt":"2021-06-15T22:39:24","slug":"33913","status":"publish","type":"post","link":"https:\/\/www.interaccionnoticias.com.mx\/?p=33913","title":{"rendered":"Ejidatarios de La Ci\u00e9nega impidenampliaci\u00f3n de sistema de agua"},"content":{"rendered":"\n<p><strong><em>&#8211; En reuni\u00f3n con vecinos de Chilpancingo, funcionarios acuerdan darle seguimiento puntual al conflicto<\/em><\/strong><\/p>\n\n\n\n<p><strong>Chilpancingo, Guerrero a 15 de junio de 2021.-<\/strong> El Ayuntamiento de Chilpancingo que preside Antonio Gaspar Beltr\u00e1n, a trav\u00e9s de la Secretar\u00eda General y la Comisi\u00f3n de Agua Potable y Alcantarillado de Chilpancingo (CAPACH), atendieron con prontitud a los vecinos de las colonias del poniente de la Capital que se manifestaron en el primer cuadro de la ciudad.<\/p>\n\n\n\n<p>Ante las inconformidades de vecinos de seis colonias situadas al poniente de la capital,<br \/>la Secretar\u00eda General se comprometi\u00f3 a darle el seguimiento jur\u00eddico y agilizar los tr\u00e1mites indispensables para la construcci\u00f3n de la ampliaci\u00f3n de su sistema de agua.<\/p>\n\n\n\n<p>Se les explic\u00f3 tambi\u00e9n que los egidatarios de comunidad de La Ci\u00e9nega impiden la ejecuci\u00f3n de la obra de ampliaci\u00f3n del sistema de agua Pe\u00f1a Rajada, la cual tiene la finalidad de beneficiar a m\u00e1s de 15 mil familias con el suministro de agua para las colonias Plan de Ayala, Eduardo Neri, Lomas del Poniente, Las Palmas, Independencia y Praderas.<\/p>\n\n\n\n<p>Ante las inconformidades de los vecinos de las 6 colonias situadas al poniente de la capital, la secretaria general, Anacleta L\u00f3pez Vega exhort\u00f3 a los vecinos a asistir a la reuni\u00f3n con el subsecretario de Gobierno para Asuntos Agrarios del Gobierno del Estado Bert\u00edn Caba\u00f1as L\u00f3pez, el d\u00eda viernes porque en donde se les informar\u00e1 los acuerdos logrados y determinar si hay conciliacion o ser\u00e1 por la v\u00eda jur\u00eddica.<\/p>\n","protected":false},"excerpt":{"rendered":"<p>&#8211; En reuni\u00f3n con vecinos de Chilpancingo, funcionarios acuerdan darle seguimiento puntual al conflicto Chilpancingo, Guerrero a 15 de junio de 2021.- El Ayuntamiento de Chilpancingo que preside Antonio Gaspar&hellip; <\/p>\n","protected":false},"author":1,"featured_media":33912,"comment_status":"open","ping_status":"open","sticky":false,"template":"","format":"standard","meta":{"fifu_image_url":"","fifu_image_alt":"","footnotes":""},"categories":[13],"tags":[],"class_list":["post-33913","post","type-post","status-publish","format-standard","has-post-thumbnail","hentry","category-capital"],"_links":{"self":[{"href":"https:\/\/www.interaccionnoticias.com.mx\/index.php?rest_route=\/wp\/v2\/posts\/33913","targetHints":{"allow":["GET"]}}],"collection":[{"href":"https:\/\/www.interaccionnoticias.com.mx\/index.php?rest_route=\/wp\/v2\/posts"}],"about":[{"href":"https:\/\/www.interaccionnoticias.com.mx\/index.php?rest_route=\/wp\/v2\/types\/post"}],"author":[{"embeddable":true,"href":"https:\/\/www.interaccionnoticias.com.mx\/index.php?rest_route=\/wp\/v2\/users\/1"}],"replies":[{"embeddable":true,"href":"https:\/\/www.interaccionnoticias.com.mx\/index.php?rest_route=%2Fwp%2Fv2%2Fcomments&post=33913"}],"version-history":[{"count":0,"href":"https:\/\/www.interaccionnoticias.com.mx\/index.php?rest_route=\/wp\/v2\/posts\/33913\/revisions"}],"wp:featuredmedia":[{"embeddable":true,"href":"https:\/\/www.interaccionnoticias.com.mx\/index.php?rest_route=\/wp\/v2\/media\/33912"}],"wp:attachment":[{"href":"https:\/\/www.interaccionnoticias.com.mx\/index.php?rest_route=%2Fwp%2Fv2%2Fmedia&parent=33913"}],"wp:term":[{"taxonomy":"category","embeddable":true,"href":"https:\/\/www.interaccionnoticias.com.mx\/index.php?rest_route=%2Fwp%2Fv2%2Fcategories&post=33913"},{"taxonomy":"post_tag","embeddable":true,"href":"https:\/\/www.interaccionnoticias.com.mx\/index.php?rest_route=%2Fwp%2Fv2%2Ftags&post=33913"}],"curies":[{"name":"wp","href":"https:\/\/api.w.org\/{rel}","templated":true}]}}