{"id":33906,"date":"2021-06-15T16:37:17","date_gmt":"2021-06-15T21:37:17","guid":{"rendered":"http:\/\/www.inter-accion.com.mx\/?p=33906"},"modified":"2021-06-15T16:37:17","modified_gmt":"2021-06-15T21:37:17","slug":"33906","status":"publish","type":"post","link":"https:\/\/www.interaccionnoticias.com.mx\/?p=33906","title":{"rendered":"Astudillo todav\u00eda no ha dialogado con Evelyn Salgado, a quien el IEPC declar\u00f3 gobernadora electa"},"content":{"rendered":"\n<p>&#8211;<em><strong> Esperar\u00e1 a que se desahoguen todos los recursos legales relacionados con el proceso electoral<br>&#8211; Anticipa que tratar\u00e1 de que no dejar obras inconclusas<\/strong><\/em><\/p>\n\n\n\n<p><strong>Rosario Garc\u00eda Orozco<\/strong><\/p>\n\n\n\n<p><strong>Chilpancingo, Gro., 15 de junio del 2021.-<\/strong> Aunque ya prepara lo relacionado con la entrega recepci\u00f3n, el gobernador H\u00e9ctor Astudillo Flores aclar\u00f3 que todav\u00eda no ha dialogado con Evelyn Salgado Pineda, quien fue postulada por Morena y que ya recibi\u00f3 la constancia de mayor\u00eda por parte del Instituto Electoral y de Participaci\u00f3n Ciudadana (IEPC).<\/p>\n\n\n\n<p>La jornada del martes 15 de junio, el jefe del Poder Ejecutivo local inaugur\u00f3 una calle que enlaza a parte importante del sector poniente con el sur de la capital del estado, en lo que defini\u00f3 como el inicio de una serie de jornadas encaminadas a la entrega de obras.<\/p>\n\n\n\n<p>Manifest\u00f3 que espera entregar la mayor cantidad de obras de aqu\u00ed al 14 de octubre, fecha en la que de acuerdo con la Constituci\u00f3n Pol\u00edtica del Estado, culmina oficialmente su mandato.<\/p>\n\n\n\n<p>Las obras que no puedan terminarse, asever\u00f3 que estar\u00e1 completamente justificado y que en todo caso, el recurso destinado para su concreci\u00f3n habr\u00e1 de quedar debidamente etiquetado.<\/p>\n\n\n\n<p>En lo que ya se perfila como la recta final de su gobierno, Astudillo Flores sostuvo que su principal logro es mantener la gobernabilidad en Guerrero, si se toma en cuenta las condiciones en que asumi\u00f3 el poder.<\/p>\n\n\n\n<p>Por esa raz\u00f3n hizo hincapi\u00e9 en la necesidad de cuidar la tranquilidad social y de apostarle al ejercicio de la \u201cbuena\u201d pol\u00edtica, en el entendido de que la elecci\u00f3n del pasado 6 de junio se mand\u00f3 un mensaje de integraci\u00f3n plural de los poderes, pues nadie gan\u00f3 todo y tampoco nadie se qued\u00f3 completamente con nada.<\/p>\n\n\n\n<p><strong>Mario Moreno, extraordinario candidato<\/strong><\/p>\n\n\n\n<p>Respecto a los llamados que ha hecho durante los \u00faltimos d\u00edas, respecto al resultado de la contienda, dijo que no tienen la intenci\u00f3n \u201cde que alguien se hinque, ni para que se sobreestimen, lo que yo creo es que Guerrero es un estado que es proclive a los cambios\u201d.<\/p>\n\n\n\n<p>Record\u00f3 que para tener un contexto de lo que pasa en el estado, basta analizar el resultado de las elecciones, \u201ccon una preferencia al principio hacia un partido pol\u00edtico superior a 30 o 35 puntos sobre el otro, y que terminaron, de acuerdo a los informes, con 4 puntos\u201d.<\/p>\n\n\n\n<p>En consecuencia, dijo que lo importante en estos momentos es hacer un an\u00e1lisis muy serio y preguntarse que fue lo que pas\u00f3: \u201cEl estado es plural y creo que hubo quienes hicieron una campa\u00f1a muy especial, sin precedentes\u201d.<\/p>\n\n\n\n<p>Astudillo Flores aprovech\u00f3 el espacio para referirse a quien abander\u00f3 la coalici\u00f3n PRI-PRD: \u201cMario Moreno Arcos fue un gran candidato, lo tengo reconocer y tambi\u00e9n debo reconocer que quienes tienen en este momento el reporte de la mayor\u00eda, pues tambi\u00e9n hicieron lo que deb\u00edan, pero no quiero dejar de reconocer que Mario fue un gran candidato\u201d.<\/p>\n\n\n\n<p>Lo trascendental, de acuerdo con el Ejecutivo local, es que a nueve d\u00edas de las elecciones Guerrero est\u00e1 en paz, si se toma en cuenta que esta entidad siempre tiene problemas: \u201cpor ejemplo; podemos inaugurar esta calle, transitar por las calles, no hay conflictos severos tras la elecci\u00f3n\u201d.<\/p>\n\n\n\n<p>Destac\u00f3 el hecho de que el 6 de junio \u201cnadie gan\u00f3 todo y nadie perdi\u00f3 todo. Hay una composici\u00f3n pol\u00edtica plural en el estado de Guerrero y eso no lo podemos perder de vista\u201d.<\/p>\n\n\n\n<p>A partir de que hubo un margen estrecho en los resultados de la elecci\u00f3n, manifest\u00f3 que los actores se encuentran en la necesidad de hacer pol\u00edtica, lo que pasa necesariamente por revisar la composici\u00f3n del Congreso.<\/p>\n\n\n\n<p>\u201cSin duda, la clase pol\u00edtica est\u00e1 obligada a hacer buena pol\u00edtica, porque, insisto lo que se reflej\u00f3 es que Guerrero es un estado plural en donde no hay una hegemon\u00eda notable respecto a alg\u00fan partido pol\u00edtico y partido pol\u00edtico que tenga la mayor responsabilidad, por lo que se tendr\u00e1 que hacer pol\u00edtica para lograr entendimiento y que se siga caminando dentro de la gobernabilidad en la que se ha encontrado estos \u00faltimos 6 a\u00f1os\u201d, anot\u00f3.<\/p>\n\n\n\n<p><strong>No se ha reunido con Evelyn Salgado<\/strong><\/p>\n\n\n\n<p>A pregunta expresa, Astudillo Flores manifest\u00f3 que no se ha reunido con Evelyn Salgado Pineda, a quien el IEPC entreg\u00f3 la constancia de mayor\u00eda que la declara gobernadora electa.<\/p>\n\n\n\n<p>\u201cNo he hablado con ella, y no tengo programado reunirme con ella\u201d, manifest\u00f3.<\/p>\n\n\n\n<p>SE le pregunt\u00f3 si no la reconoce como ganadora de las elecciones del 6 de junio, ante lo que respondi\u00f3 que esa es una facultad de los \u00f3rganos electorales.<\/p>\n\n\n\n<p>Pero agreg\u00f3: \u201cHay que recordar que los candidatos y las candidatas a diputados locales y federales, as\u00ed como los plurinominales tienen tambi\u00e9n recursos jur\u00eddicos-electorales a los cuales pueden recurrir\u201d, por lo que habr\u00e1 de esperar a que se desahoguen completamente todas las etapas del proceso.<\/p>\n\n\n\n<p>Reiter\u00f3 que ser\u00e1 respetuoso de los tiempos y de las instancias, mientras, mantendr\u00e1 vigente su llamado a la unidad: \u201cporque es lo que m\u00e1s le conviene a Guerrero y a los guerrerenses\u201d.<\/p>\n","protected":false},"excerpt":{"rendered":"<p>&#8211; Esperar\u00e1 a que se desahoguen todos los recursos legales relacionados con el proceso electoral&#8211; Anticipa que tratar\u00e1 de que no dejar obras inconclusas Rosario Garc\u00eda Orozco Chilpancingo, Gro., 15&hellip; <\/p>\n","protected":false},"author":1,"featured_media":33911,"comment_status":"open","ping_status":"open","sticky":false,"template":"","format":"standard","meta":{"fifu_image_url":"","fifu_image_alt":"","footnotes":""},"categories":[11],"tags":[],"class_list":["post-33906","post","type-post","status-publish","format-standard","has-post-thumbnail","hentry","category-guerrero"],"_links":{"self":[{"href":"https:\/\/www.interaccionnoticias.com.mx\/index.php?rest_route=\/wp\/v2\/posts\/33906","targetHints":{"allow":["GET"]}}],"collection":[{"href":"https:\/\/www.interaccionnoticias.com.mx\/index.php?rest_route=\/wp\/v2\/posts"}],"about":[{"href":"https:\/\/www.interaccionnoticias.com.mx\/index.php?rest_route=\/wp\/v2\/types\/post"}],"author":[{"embeddable":true,"href":"https:\/\/www.interaccionnoticias.com.mx\/index.php?rest_route=\/wp\/v2\/users\/1"}],"replies":[{"embeddable":true,"href":"https:\/\/www.interaccionnoticias.com.mx\/index.php?rest_route=%2Fwp%2Fv2%2Fcomments&post=33906"}],"version-history":[{"count":0,"href":"https:\/\/www.interaccionnoticias.com.mx\/index.php?rest_route=\/wp\/v2\/posts\/33906\/revisions"}],"wp:featuredmedia":[{"embeddable":true,"href":"https:\/\/www.interaccionnoticias.com.mx\/index.php?rest_route=\/wp\/v2\/media\/33911"}],"wp:attachment":[{"href":"https:\/\/www.interaccionnoticias.com.mx\/index.php?rest_route=%2Fwp%2Fv2%2Fmedia&parent=33906"}],"wp:term":[{"taxonomy":"category","embeddable":true,"href":"https:\/\/www.interaccionnoticias.com.mx\/index.php?rest_route=%2Fwp%2Fv2%2Fcategories&post=33906"},{"taxonomy":"post_tag","embeddable":true,"href":"https:\/\/www.interaccionnoticias.com.mx\/index.php?rest_route=%2Fwp%2Fv2%2Ftags&post=33906"}],"curies":[{"name":"wp","href":"https:\/\/api.w.org\/{rel}","templated":true}]}}