{"id":3390,"date":"2017-04-05T19:20:57","date_gmt":"2017-04-06T00:20:57","guid":{"rendered":"http:\/\/www.inter-accion.com.mx\/?p=3390"},"modified":"2017-04-05T19:20:57","modified_gmt":"2017-04-06T00:20:57","slug":"periodista-presenta-denuncia-penal-contra-alcalde-de-huamuxtitlan","status":"publish","type":"post","link":"https:\/\/www.interaccionnoticias.com.mx\/?p=3390","title":{"rendered":"Periodista presenta denuncia penal contra alcalde de Huamuxtitl\u00e1n"},"content":{"rendered":"<p>&nbsp;<\/p>\n<ul>\n<li>El jefe de cabildo le orden\u00f3 abandonar su ciudad, con la advertencia de que si se quedaba \u201cla pasar\u00eda muy mal\u201d<\/li>\n<\/ul>\n<p>&nbsp;<br \/>\n&nbsp;<br \/>\nEl periodista Carlo Magno Garc\u00eda Mora, colaborador de \u201cLa Noticia en la Monta\u00f1a\u201d present\u00f3 una denuncia penal contra el presidente municipal de Huauxtitl\u00e1n, Mario Garc\u00eda Flores, quien la jornada del martes lo oblig\u00f3 a salir de dicha localidad ubicada en la zona de La Ca\u00f1ada, bajo la advertencia de que si se quedaba \u201cla pasar\u00eda muy mal\u201d.<br \/>\nGarc\u00eda Mora, quien tambi\u00e9n es colaborador de la televisi\u00f3n local en Tlapa, explic\u00f3 que la tarde del mi\u00e9rcoles se encontraba realizando el trabajo de vender peri\u00f3dico por el sistema de perifoneo.<br \/>\nVoceaba una nota relacionada con hechos delictivos registrados en la zona de La Ca\u00f1ada, entre ellos el robo de una camioneta durante la ma\u00f1ana del domingo pasado<br \/>\nEl alcalde Garc\u00eda Flores lo intercept\u00f3 a bordo de una camioneta blindada, iba acompa\u00f1ado de un grupo de Polic\u00edas Federales (PF) que le fueron asignados como medidas cautelares, por las supuestas amenazas que recibi\u00f3 por parte de grupos del crimen organizado en el inicio de su administraci\u00f3n.<br \/>\nEl comunicador asegura que adem\u00e1s del alcalde, los elementos de la PF asumieron una actitud amenazante en su contra, el mun\u00edcipe le se\u00f1al\u00f3 claramente que ten\u00eda un plazo de cinco minutos para retirare del lugar, de lo contrario \u201cla pasar\u00eda muy mal\u201d.<br \/>\nEl comunicador decidi\u00f3 suspender su trabajo y se retir\u00f3 de Huamuxtitl\u00e1n, aunque durante la ma\u00f1ana del mi\u00e9rcoles se present\u00f3 ante la Agencia del Ministerio P\u00fablico el Fuero Com\u00fan (MPFC) de Tlapa para presentar una denuncia penal por el delito de amenazas. &nbsp;<br \/>\nYa fue contactado por representantes de la Comisi\u00f3n Estatal de Derechos Humanos (Coddeum), por lo que este jueves viajar\u00eda a la capital de Guerrero para presentar una queja.<br \/>\nEn Tlapa, dado el bajo costo de los salarios que pagan los medios locales, muchos reporteros recurren a la venta de peri\u00f3dico por medio de perifoneo para incrementar de manera l\u00edcita sus ingresos.<\/p>\n","protected":false},"excerpt":{"rendered":"<p>&nbsp; El jefe de cabildo le orden\u00f3 abandonar su ciudad, con la advertencia de que si se quedaba \u201cla pasar\u00eda muy mal\u201d &nbsp; &nbsp; El periodista Carlo Magno Garc\u00eda Mora,&hellip; <\/p>\n","protected":false},"author":1,"featured_media":0,"comment_status":"open","ping_status":"open","sticky":false,"template":"","format":"standard","meta":{"fifu_image_url":"","fifu_image_alt":"","footnotes":""},"categories":[8,23],"tags":[],"class_list":["post-3390","post","type-post","status-publish","format-standard","hentry","category-featured","category-regionales"],"_links":{"self":[{"href":"https:\/\/www.interaccionnoticias.com.mx\/index.php?rest_route=\/wp\/v2\/posts\/3390","targetHints":{"allow":["GET"]}}],"collection":[{"href":"https:\/\/www.interaccionnoticias.com.mx\/index.php?rest_route=\/wp\/v2\/posts"}],"about":[{"href":"https:\/\/www.interaccionnoticias.com.mx\/index.php?rest_route=\/wp\/v2\/types\/post"}],"author":[{"embeddable":true,"href":"https:\/\/www.interaccionnoticias.com.mx\/index.php?rest_route=\/wp\/v2\/users\/1"}],"replies":[{"embeddable":true,"href":"https:\/\/www.interaccionnoticias.com.mx\/index.php?rest_route=%2Fwp%2Fv2%2Fcomments&post=3390"}],"version-history":[{"count":0,"href":"https:\/\/www.interaccionnoticias.com.mx\/index.php?rest_route=\/wp\/v2\/posts\/3390\/revisions"}],"wp:attachment":[{"href":"https:\/\/www.interaccionnoticias.com.mx\/index.php?rest_route=%2Fwp%2Fv2%2Fmedia&parent=3390"}],"wp:term":[{"taxonomy":"category","embeddable":true,"href":"https:\/\/www.interaccionnoticias.com.mx\/index.php?rest_route=%2Fwp%2Fv2%2Fcategories&post=3390"},{"taxonomy":"post_tag","embeddable":true,"href":"https:\/\/www.interaccionnoticias.com.mx\/index.php?rest_route=%2Fwp%2Fv2%2Ftags&post=3390"}],"curies":[{"name":"wp","href":"https:\/\/api.w.org\/{rel}","templated":true}]}}