{"id":3388,"date":"2017-04-05T19:00:29","date_gmt":"2017-04-06T00:00:29","guid":{"rendered":"http:\/\/www.inter-accion.com.mx\/?p=3388"},"modified":"2017-04-05T19:00:29","modified_gmt":"2017-04-06T00:00:29","slug":"partidos-politicos-sacaban-provecho-de-las-declaraciones-de-obispo-por-eso-decidio-guardar-silencio","status":"publish","type":"post","link":"https:\/\/www.interaccionnoticias.com.mx\/?p=3388","title":{"rendered":"Partidos pol\u00edticos sacaban provecho de las declaraciones de obispo, por eso decidi\u00f3 guardar silencio"},"content":{"rendered":"<p>* \u00abNo quiero echarle m\u00e1s tierra al estado\u00bb, sostiene Salvador Rangel &nbsp;<br \/>\n&nbsp;<br \/>\nEl obispo de la Di\u00f3cesis Chilpancingo-Chilapa, Salvador Rangel Mendoza explic\u00f3 que decidi\u00f3 ya no emitir declaraciones sobre sus encuentros con supuestos l\u00edderes del crimen organizado, para \u201cno echarle m\u00e1s tierra al estado de Guerrero\u201d, pero adem\u00e1s porque diferentes personas estaban sacando provecho y amarrando navajas.<br \/>\nNeg\u00f3 en todo momento, que haya establecido un pacto de silencio con el gobierno estatal.<br \/>\nEn Chilpancingo, el jerarca de la iglesia cat\u00f3lico refiri\u00f3 que m\u00e1s all\u00e1 de toda la expectativa que se ha generado, lo importante es aportar para favorecer al estado de Guerrero.<br \/>\nPrecis\u00f3 que de manera unilateral, el decidi\u00f3 hacer una tregua en la serie de comentarios que hab\u00eda hecho respecto a las reuniones que ha sostenido con integrantes del crimen organizado.<br \/>\nRespecto a la causa por la que decidi\u00f3 dejar el asunto de lado, Rangel Mendoza expuso: \u201cYo ve\u00eda que muchas personas estaban nada m\u00e1s amarrando navajas, tambi\u00e9n eso iba creciendo m\u00e1s y m\u00e1s, por eso decid\u00ed abrir una tregua para permitir que esto se vaya calmando\u201d.<br \/>\nIndic\u00f3 que la inseguridad contin\u00faa en el estado, por lo que ante la impunidad que prevalece en varios asuntos, la gente llega a sentirse ofendida ante los comentarios que se difunden.<br \/>\n\u201cGuerrero est\u00e1 en la ventana del mundo, todo mundo lo ve; yo quisiera que mis palabras y mis actitudes no contribuyeran a echarle m\u00e1s tierra a nuestro estado\u201d.<br \/>\nRecord\u00f3 que como fraile franciscano, lo que busca con el silencio es generar amigos, no enemigos.<br \/>\nEn ese sentido, neg\u00f3 que haya un pacto con el gobierno y sostuvo que su tregua se estableci\u00f3 de manera unilateral.<br \/>\n\u201cPartidos pol\u00edticos y grupos quieren llevar agua a su molino, eso es lo que yo no quiero; generar enemistades y menos que me est\u00e9n utilizando\u201d, anot\u00f3.<\/p>\n","protected":false},"excerpt":{"rendered":"<p>* \u00abNo quiero echarle m\u00e1s tierra al estado\u00bb, sostiene Salvador Rangel &nbsp; &nbsp; El obispo de la Di\u00f3cesis Chilpancingo-Chilapa, Salvador Rangel Mendoza explic\u00f3 que decidi\u00f3 ya no emitir declaraciones sobre&hellip; <\/p>\n","protected":false},"author":1,"featured_media":0,"comment_status":"open","ping_status":"open","sticky":false,"template":"","format":"standard","meta":{"fifu_image_url":"","fifu_image_alt":"","footnotes":""},"categories":[13,8],"tags":[],"class_list":["post-3388","post","type-post","status-publish","format-standard","hentry","category-capital","category-featured"],"_links":{"self":[{"href":"https:\/\/www.interaccionnoticias.com.mx\/index.php?rest_route=\/wp\/v2\/posts\/3388","targetHints":{"allow":["GET"]}}],"collection":[{"href":"https:\/\/www.interaccionnoticias.com.mx\/index.php?rest_route=\/wp\/v2\/posts"}],"about":[{"href":"https:\/\/www.interaccionnoticias.com.mx\/index.php?rest_route=\/wp\/v2\/types\/post"}],"author":[{"embeddable":true,"href":"https:\/\/www.interaccionnoticias.com.mx\/index.php?rest_route=\/wp\/v2\/users\/1"}],"replies":[{"embeddable":true,"href":"https:\/\/www.interaccionnoticias.com.mx\/index.php?rest_route=%2Fwp%2Fv2%2Fcomments&post=3388"}],"version-history":[{"count":0,"href":"https:\/\/www.interaccionnoticias.com.mx\/index.php?rest_route=\/wp\/v2\/posts\/3388\/revisions"}],"wp:attachment":[{"href":"https:\/\/www.interaccionnoticias.com.mx\/index.php?rest_route=%2Fwp%2Fv2%2Fmedia&parent=3388"}],"wp:term":[{"taxonomy":"category","embeddable":true,"href":"https:\/\/www.interaccionnoticias.com.mx\/index.php?rest_route=%2Fwp%2Fv2%2Fcategories&post=3388"},{"taxonomy":"post_tag","embeddable":true,"href":"https:\/\/www.interaccionnoticias.com.mx\/index.php?rest_route=%2Fwp%2Fv2%2Ftags&post=3388"}],"curies":[{"name":"wp","href":"https:\/\/api.w.org\/{rel}","templated":true}]}}