{"id":33860,"date":"2021-06-14T14:16:56","date_gmt":"2021-06-14T19:16:56","guid":{"rendered":"http:\/\/www.inter-accion.com.mx\/?p=33860"},"modified":"2021-06-14T14:16:56","modified_gmt":"2021-06-14T19:16:56","slug":"33860","status":"publish","type":"post","link":"https:\/\/www.interaccionnoticias.com.mx\/?p=33860","title":{"rendered":"Con bloqeo, Ayotzinapa exige rehabilitaci\u00f3n de su plantel, antes de regresar a clases presenciales"},"content":{"rendered":"\n<p><strong><em>&#8211; Tambi\u00e9n plantean reuni\u00f3n con la gobernadora electa<\/em><\/strong><\/p>\n\n\n\n<p><strong>Jes\u00fas Dorantes<\/strong><\/p>\n\n\n\n<p><strong>Chilpancingo, Gro.- E<\/strong>studiantes de la Normal Rural Ra\u00fal Isidro Burgos de Ayotzinapa e integrantes del colectivo Los Olvidados de Ayotzinapa bloquean los cuatro carriles de la autopista del Sol a la altura del Parador de M\u00e1rques en el municipio de Chilpancingo, para exigir se han resuelto su pliego petitorio antes de que culmine la actual administraci\u00f3n.<\/p>\n\n\n\n<p>Durante la jornada de este lunes los protestantes arribaron al lado sur de la capital del Estado de Guerrero donde iniciaron un bloqueo con dos autobuses en los que se transportaban.<\/p>\n\n\n\n<p>Y te bloqueo aseguran que es para exigir el cumplimiento de su pliego petitorio para la Escuela Normal d\u00f3nde es necesario dar rehabilitaci\u00f3n y mantenimiento a la instituci\u00f3n, antes de que se de el regreso a clases presenciales.<\/p>\n\n\n\n<p>El pliego petitorio fue entregado durante el mes de marzo y fue aprobado y firmado por el gobernador H\u00e9ctor Astudillo Flores, por lo que le exigieron sea cumplido antes de que termine su administraci\u00f3n.<\/p>\n\n\n\n<p>Adem\u00e1s realizaron un llamado a la gobernadora electa Evelyn Salgado Pineda para darle a conocer que ambas organizaciones est\u00e1n abiertas al di\u00e1logo, ya que existen ejemplos de gobierno del partido de MORENA que han realizado actos de represi\u00f3n en contra de estudiantes.<\/p>\n","protected":false},"excerpt":{"rendered":"<p>&#8211; Tambi\u00e9n plantean reuni\u00f3n con la gobernadora electa Jes\u00fas Dorantes Chilpancingo, Gro.- Estudiantes de la Normal Rural Ra\u00fal Isidro Burgos de Ayotzinapa e integrantes del colectivo Los Olvidados de Ayotzinapa&hellip; <\/p>\n","protected":false},"author":1,"featured_media":33859,"comment_status":"open","ping_status":"open","sticky":false,"template":"","format":"standard","meta":{"fifu_image_url":"","fifu_image_alt":"","footnotes":""},"categories":[6],"tags":[54],"class_list":["post-33860","post","type-post","status-publish","format-standard","has-post-thumbnail","hentry","category-educacion","tag-ayotzinapa"],"_links":{"self":[{"href":"https:\/\/www.interaccionnoticias.com.mx\/index.php?rest_route=\/wp\/v2\/posts\/33860","targetHints":{"allow":["GET"]}}],"collection":[{"href":"https:\/\/www.interaccionnoticias.com.mx\/index.php?rest_route=\/wp\/v2\/posts"}],"about":[{"href":"https:\/\/www.interaccionnoticias.com.mx\/index.php?rest_route=\/wp\/v2\/types\/post"}],"author":[{"embeddable":true,"href":"https:\/\/www.interaccionnoticias.com.mx\/index.php?rest_route=\/wp\/v2\/users\/1"}],"replies":[{"embeddable":true,"href":"https:\/\/www.interaccionnoticias.com.mx\/index.php?rest_route=%2Fwp%2Fv2%2Fcomments&post=33860"}],"version-history":[{"count":0,"href":"https:\/\/www.interaccionnoticias.com.mx\/index.php?rest_route=\/wp\/v2\/posts\/33860\/revisions"}],"wp:featuredmedia":[{"embeddable":true,"href":"https:\/\/www.interaccionnoticias.com.mx\/index.php?rest_route=\/wp\/v2\/media\/33859"}],"wp:attachment":[{"href":"https:\/\/www.interaccionnoticias.com.mx\/index.php?rest_route=%2Fwp%2Fv2%2Fmedia&parent=33860"}],"wp:term":[{"taxonomy":"category","embeddable":true,"href":"https:\/\/www.interaccionnoticias.com.mx\/index.php?rest_route=%2Fwp%2Fv2%2Fcategories&post=33860"},{"taxonomy":"post_tag","embeddable":true,"href":"https:\/\/www.interaccionnoticias.com.mx\/index.php?rest_route=%2Fwp%2Fv2%2Ftags&post=33860"}],"curies":[{"name":"wp","href":"https:\/\/api.w.org\/{rel}","templated":true}]}}