{"id":33854,"date":"2021-06-14T14:06:57","date_gmt":"2021-06-14T19:06:57","guid":{"rendered":"http:\/\/www.inter-accion.com.mx\/?p=33854"},"modified":"2021-06-14T14:06:57","modified_gmt":"2021-06-14T19:06:57","slug":"33854","status":"publish","type":"post","link":"https:\/\/www.interaccionnoticias.com.mx\/?p=33854","title":{"rendered":"Habitantes de comunidades ind\u00edgenas toman oficinas de la CFE en Ometepec"},"content":{"rendered":"\n<p><strong><em>&#8211; Acusan da\u00f1os en electrodom\u00e9sticos en sus viviendas<\/em><\/strong><\/p>\n\n\n\n<p><strong>Javier Trujillo<\/strong><\/p>\n\n\n\n<p><strong>Acapulco, Gro. &#8211; <\/strong>Habitantes de comunidades ind\u00edgenas de Metlatonoc, Azoyu, Igualapa, amarraron a un trabajador y tomaron las instalaciones de la Comisi\u00f3n Federal de Electricidad, en el municipio de Ometepec, regi\u00f3n de la Costa Chica de Guerrero.<\/p>\n\n\n\n<p>Acusan que permanentemente se quedan sin el suministro de energ\u00eda el\u00e9ctrica y la fluctuaci\u00f3n de voltaje en viviendas da\u00f1a los electrodom\u00e9sticos, por lo que desde temprano se plantaron en las oficinas de la CFE.<\/p>\n\n\n\n<p>Los manifestantes son habitantes de las comunidades ind\u00edgenas de los municipios de Igualapa, Metlatonoc y Azoy\u00fa, afectando a m\u00e1s de cinco mil pobladores por la falta del servicio.<\/p>\n\n\n\n<p>\u00abEl problema de la luz que llega y se va, y si el refrigerador est\u00e1 conectado, resulta que ya se quem\u00f3, que ya se quem\u00f3 una televisi\u00f3n, muchas quejas de aparatos aqu\u00ed y ahora la gente de la oficina de la CFE no se quiere hacer responsable para pagar esos aparatos.<\/p>\n\n\n\n<p>\u00abQue no hay luz, venimos a la oficina a poner nuestra queja y no los hacen caso. Hay postes tirados, l\u00edneas dentro de los \u00e1rboles y ellos (los trabajadores de la CFE) no son para trabajar\u00bb, reproch\u00f3 V\u00edctor L\u00f3pez Cayetano, oriundo de la comunidad Chilixtlahuaca en Metlatonoc.<\/p>\n\n\n\n<p>Son pobladores de tres municipios, los cuales confirmaron una comisi\u00f3n que representa a las comunidades de Llanos Perdidos, Chilixtlahuaca pertenecientes a Metlatonoc; La Victoria, Llano Grande de Ju\u00e1rez, San Jos\u00e9 Buenavista, Acalmani de Igualapa, y Quetzalapa en Azoy\u00fa.<\/p>\n\n\n\n<p>La protesta inici\u00f3 a las 08:30 horas en la sede de las oficinas administrativas de la CFE en Ometepec, regi\u00f3n de la Costa Chica del Estado.<\/p>\n\n\n\n<p>Durante la protesta, un grupo de pobladores se indignaron porque un empleado de la CFE, meti\u00f3 alimentos para sus compa\u00f1eros y lo ataron con una cuerda, debido a que los quejosos no eran atendidos por personal de la Comisi\u00f3n Federal de Electricidad.<\/p>\n\n\n\n<p>Hasta las 12:50 horas, los manifestantes manten\u00edan cerradas las oficinas con el personal retenido, sin que se hubiera llegado a acuerdos con funcionarios de la CFE, los cuales permanec\u00edan retenidos por los pobladores ind\u00edgenas.<\/p>\n\n\n\n<p>Cabe mencionar que los manifestantes reconocen que siempre hay apagones, y que en tiempos de lluvias empeoran, pero tras los comicios del pasado seis de junio se fue la luz cuatro d\u00edas, y ahora tiene dos d\u00edas sin el servicio.<\/p>\n","protected":false},"excerpt":{"rendered":"<p>&#8211; Acusan da\u00f1os en electrodom\u00e9sticos en sus viviendas Javier Trujillo Acapulco, Gro. &#8211; Habitantes de comunidades ind\u00edgenas de Metlatonoc, Azoyu, Igualapa, amarraron a un trabajador y tomaron las instalaciones de&hellip; <\/p>\n","protected":false},"author":1,"featured_media":33856,"comment_status":"open","ping_status":"open","sticky":false,"template":"","format":"standard","meta":{"fifu_image_url":"","fifu_image_alt":"","footnotes":""},"categories":[23],"tags":[67,123],"class_list":["post-33854","post","type-post","status-publish","format-standard","has-post-thumbnail","hentry","category-regionales","tag-cfe","tag-indigenas"],"_links":{"self":[{"href":"https:\/\/www.interaccionnoticias.com.mx\/index.php?rest_route=\/wp\/v2\/posts\/33854","targetHints":{"allow":["GET"]}}],"collection":[{"href":"https:\/\/www.interaccionnoticias.com.mx\/index.php?rest_route=\/wp\/v2\/posts"}],"about":[{"href":"https:\/\/www.interaccionnoticias.com.mx\/index.php?rest_route=\/wp\/v2\/types\/post"}],"author":[{"embeddable":true,"href":"https:\/\/www.interaccionnoticias.com.mx\/index.php?rest_route=\/wp\/v2\/users\/1"}],"replies":[{"embeddable":true,"href":"https:\/\/www.interaccionnoticias.com.mx\/index.php?rest_route=%2Fwp%2Fv2%2Fcomments&post=33854"}],"version-history":[{"count":0,"href":"https:\/\/www.interaccionnoticias.com.mx\/index.php?rest_route=\/wp\/v2\/posts\/33854\/revisions"}],"wp:featuredmedia":[{"embeddable":true,"href":"https:\/\/www.interaccionnoticias.com.mx\/index.php?rest_route=\/wp\/v2\/media\/33856"}],"wp:attachment":[{"href":"https:\/\/www.interaccionnoticias.com.mx\/index.php?rest_route=%2Fwp%2Fv2%2Fmedia&parent=33854"}],"wp:term":[{"taxonomy":"category","embeddable":true,"href":"https:\/\/www.interaccionnoticias.com.mx\/index.php?rest_route=%2Fwp%2Fv2%2Fcategories&post=33854"},{"taxonomy":"post_tag","embeddable":true,"href":"https:\/\/www.interaccionnoticias.com.mx\/index.php?rest_route=%2Fwp%2Fv2%2Ftags&post=33854"}],"curies":[{"name":"wp","href":"https:\/\/api.w.org\/{rel}","templated":true}]}}