{"id":3385,"date":"2017-04-05T18:53:07","date_gmt":"2017-04-05T23:53:07","guid":{"rendered":"http:\/\/www.inter-accion.com.mx\/?p=3385"},"modified":"2017-04-05T18:53:07","modified_gmt":"2017-04-05T23:53:07","slug":"retoman-la-busqueda-de-desaparecidos-en-el-pozo-melendez-en-taxco","status":"publish","type":"post","link":"https:\/\/www.interaccionnoticias.com.mx\/?p=3385","title":{"rendered":"Retoman la b\u00fasqueda de desaparecidos en el Pozo Mel\u00e9ndez, en Taxco"},"content":{"rendered":"<ul>\n<li>A fin de mes buscar\u00edan en la Minera M\u00e9xico, con apoyo de PGR<\/li>\n<\/ul>\n<p>A petici\u00f3n del colectivo \u201cLos otros desaparecidos\u201d, personal de la Procuradur\u00eda General de la Rep\u00fablica (PGR) realiz\u00f3 trabajos de b\u00fasqueda en el Pozo Mel\u00e9ndez, aunque el resultado fue negativo, los activistas consiguieron im\u00e1genes de video que analizar\u00e1n durante los pr\u00f3ximos d\u00edas.<br \/>\nAdriana Bahena, integrante del colectivo Los Otros Desaparecidos, explic\u00f3 que la actividad realizada este 5 de abril, es producto de una agenda de trabajo que ya se ten\u00eda programada con funcionarios de la PGR.<br \/>\nLa b\u00fasqueda no se hab\u00eda realizado porque se carec\u00eda del equipo que permitiera realizar un descenso de 160 metros, lo que se pudo realizar este mi\u00e9rcoles.<br \/>\nComent\u00f3 que el equipo que realizo el descenso tom\u00f3 im\u00e1genes de video, las cuales ser\u00e1n analizadas despu\u00e9s para establecer que es lo que hay en el fondo.<br \/>\nDe momento, el parte informativo que entreg\u00f3 la PGR establece que en el fondo del pozo no hay nada, aunque los representantes del colectivo se\u00f1alan que solamente se trata de un resultado parcial.<br \/>\nAdriana Bahena, destac\u00f3 que se insisti\u00f3 en que se buscara en dicho lugar, porque durante la guerra sucia de los a\u00f1os setentas se supo que muchos luchadores sociales fueron arrojados en dicho punto.<br \/>\nAnticip\u00f3 que a fin de mes se espera que haya condiciones para realizar trabajos similares en respiraderos de la Minera M\u00e9xico, por la posibilidad de que ah\u00ed hayan terminado muchas de las personas que fueron v\u00edctimas del crimen organizado.<br \/>\nDespu\u00e9s de trabajar en la Minera M\u00e9xico, indic\u00f3 que se espera que haya por lo menos dos b\u00fasquedas en campo cada mes.<br \/>\nEl colectivo \u201cLos otros desaparecidos\u201d reivindica la presentaci\u00f3n con vida de por lo menos 500 personas que fueron privadas de la libertad de 2012 a la fecha, cuando se intensific\u00f3 en la regi\u00f3n Norte de Guerrero la pugna entre grupos del crimen organizado.<\/p>\n","protected":false},"excerpt":{"rendered":"<p>A fin de mes buscar\u00edan en la Minera M\u00e9xico, con apoyo de PGR A petici\u00f3n del colectivo \u201cLos otros desaparecidos\u201d, personal de la Procuradur\u00eda General de la Rep\u00fablica (PGR) realiz\u00f3&hellip; <\/p>\n","protected":false},"author":1,"featured_media":0,"comment_status":"open","ping_status":"open","sticky":false,"template":"","format":"standard","meta":{"fifu_image_url":"","fifu_image_alt":"","footnotes":""},"categories":[8,15],"tags":[],"class_list":["post-3385","post","type-post","status-publish","format-standard","hentry","category-featured","category-movimientos-sociales"],"_links":{"self":[{"href":"https:\/\/www.interaccionnoticias.com.mx\/index.php?rest_route=\/wp\/v2\/posts\/3385","targetHints":{"allow":["GET"]}}],"collection":[{"href":"https:\/\/www.interaccionnoticias.com.mx\/index.php?rest_route=\/wp\/v2\/posts"}],"about":[{"href":"https:\/\/www.interaccionnoticias.com.mx\/index.php?rest_route=\/wp\/v2\/types\/post"}],"author":[{"embeddable":true,"href":"https:\/\/www.interaccionnoticias.com.mx\/index.php?rest_route=\/wp\/v2\/users\/1"}],"replies":[{"embeddable":true,"href":"https:\/\/www.interaccionnoticias.com.mx\/index.php?rest_route=%2Fwp%2Fv2%2Fcomments&post=3385"}],"version-history":[{"count":0,"href":"https:\/\/www.interaccionnoticias.com.mx\/index.php?rest_route=\/wp\/v2\/posts\/3385\/revisions"}],"wp:attachment":[{"href":"https:\/\/www.interaccionnoticias.com.mx\/index.php?rest_route=%2Fwp%2Fv2%2Fmedia&parent=3385"}],"wp:term":[{"taxonomy":"category","embeddable":true,"href":"https:\/\/www.interaccionnoticias.com.mx\/index.php?rest_route=%2Fwp%2Fv2%2Fcategories&post=3385"},{"taxonomy":"post_tag","embeddable":true,"href":"https:\/\/www.interaccionnoticias.com.mx\/index.php?rest_route=%2Fwp%2Fv2%2Ftags&post=3385"}],"curies":[{"name":"wp","href":"https:\/\/api.w.org\/{rel}","templated":true}]}}