{"id":3383,"date":"2017-04-05T17:42:01","date_gmt":"2017-04-05T22:42:01","guid":{"rendered":"http:\/\/www.inter-accion.com.mx\/?p=3383"},"modified":"2017-04-05T17:42:01","modified_gmt":"2017-04-05T22:42:01","slug":"alerta-por-mar-de-fondo-en-acapulco","status":"publish","type":"post","link":"https:\/\/www.interaccionnoticias.com.mx\/?p=3383","title":{"rendered":"Alerta por mar de fondo en Acapulco"},"content":{"rendered":"<p>Ante la presencia del fen\u00f3meno mar\u00edtimo del mar de fondo y el oleaje elevado de hasta dos metros que se presenta en el litoral guerrerense, la Secretar\u00eda de Protecci\u00f3n Civil Guerrero, pidi\u00f3 extremar medidas de precauci\u00f3n a hoteleros, prestadores de servicios tur\u00edsticos y visitantes.<br \/>\nAdvierte que ante la presencia del fen\u00f3meno mar\u00edtimo que se presenta en el Oc\u00e9ano Pac\u00edfico, habr\u00e1 de generar el incremento de olas superiores a los dos metros de altura en la franja tur\u00edstica.<br \/>\nEl titular de la Secretar\u00eda de PC, Marco C\u00e9sar Mayares Salvador, pidi\u00f3 respetar las indicaciones de los salvavidas, evitar la realizaci\u00f3n de deportes acu\u00e1ticos, no introducirse al mar y evitar caminar en la franja de arena.<br \/>\nA los navegantes de embarcaciones menores, se les sugiere tomar todas las medidas de precauci\u00f3n necesarias, y advirti\u00f3 del riesgo de introducirse al mar, debido a la fuerza del oleaje.<br \/>\nAl sector hotelero y restaurantero se le sugiere colocar banderolas rojas en zonas de playas y prohibir meterse al mar, retirar mobiliario y establecimientos semifijos en \u00e1rea de playas.<br \/>\nDe acuerdo con la Coordinaci\u00f3n General de Puertos y Marina Mercante, a trav\u00e9s de la<br \/>\nSubdirecci\u00f3n de Meteorolog\u00eda, se inform\u00f3 de un evento de mar de fondo, el cual afectar\u00e1 en las pr\u00f3ximas horas gran parte de la costa del pac\u00edfico mexicano, con vientos superiores a los 30 kil\u00f3metros por hora y olas de 1.8 a 2.4 metros de altura.<br \/>\nAnte la presencia de corrientes de arrastre en bah\u00edas, d\u00e1rsenas y playas, la Secretar\u00eda de Protecci\u00f3n Civil Guerrero pide a la poblaci\u00f3n ribere\u00f1a y tur\u00edstica a extremar medidas de precauci\u00f3n.<br \/>\nEl gobierno del estado mantiene comunicaci\u00f3n directa con las autoridades de los municipios costeros, a fin de monitorear el comportamiento del mar y alertar a la poblaci\u00f3n que habita en zonas de playa, para que extremen medidas de prevenci\u00f3n ante el posible incremento de marejadas.<\/p>\n","protected":false},"excerpt":{"rendered":"<p>Ante la presencia del fen\u00f3meno mar\u00edtimo del mar de fondo y el oleaje elevado de hasta dos metros que se presenta en el litoral guerrerense, la Secretar\u00eda de Protecci\u00f3n Civil&hellip; <\/p>\n","protected":false},"author":1,"featured_media":0,"comment_status":"open","ping_status":"open","sticky":false,"template":"","format":"standard","meta":{"fifu_image_url":"","fifu_image_alt":"","footnotes":""},"categories":[8,23],"tags":[],"class_list":["post-3383","post","type-post","status-publish","format-standard","hentry","category-featured","category-regionales"],"_links":{"self":[{"href":"https:\/\/www.interaccionnoticias.com.mx\/index.php?rest_route=\/wp\/v2\/posts\/3383","targetHints":{"allow":["GET"]}}],"collection":[{"href":"https:\/\/www.interaccionnoticias.com.mx\/index.php?rest_route=\/wp\/v2\/posts"}],"about":[{"href":"https:\/\/www.interaccionnoticias.com.mx\/index.php?rest_route=\/wp\/v2\/types\/post"}],"author":[{"embeddable":true,"href":"https:\/\/www.interaccionnoticias.com.mx\/index.php?rest_route=\/wp\/v2\/users\/1"}],"replies":[{"embeddable":true,"href":"https:\/\/www.interaccionnoticias.com.mx\/index.php?rest_route=%2Fwp%2Fv2%2Fcomments&post=3383"}],"version-history":[{"count":0,"href":"https:\/\/www.interaccionnoticias.com.mx\/index.php?rest_route=\/wp\/v2\/posts\/3383\/revisions"}],"wp:attachment":[{"href":"https:\/\/www.interaccionnoticias.com.mx\/index.php?rest_route=%2Fwp%2Fv2%2Fmedia&parent=3383"}],"wp:term":[{"taxonomy":"category","embeddable":true,"href":"https:\/\/www.interaccionnoticias.com.mx\/index.php?rest_route=%2Fwp%2Fv2%2Fcategories&post=3383"},{"taxonomy":"post_tag","embeddable":true,"href":"https:\/\/www.interaccionnoticias.com.mx\/index.php?rest_route=%2Fwp%2Fv2%2Ftags&post=3383"}],"curies":[{"name":"wp","href":"https:\/\/api.w.org\/{rel}","templated":true}]}}