{"id":33801,"date":"2021-06-11T15:01:48","date_gmt":"2021-06-11T20:01:48","guid":{"rendered":"http:\/\/www.inter-accion.com.mx\/?p=33801"},"modified":"2021-06-11T15:01:48","modified_gmt":"2021-06-11T20:01:48","slug":"33801","status":"publish","type":"post","link":"https:\/\/www.interaccionnoticias.com.mx\/?p=33801","title":{"rendered":"Marta S\u00e1nchez respalda a Gilberto Solano como alcalde electo de Tlapa"},"content":{"rendered":"\n<p><strong><em>*- Negarle el triunfo es ir contra la voluntad de los pueblos originarios<\/em><\/strong><\/p>\n\n\n\n<p><strong>Chilpancingo, Guerrero a 11 de junio de 2021.-<\/strong> La activista y defensora de los derechos ind\u00edgenas, Marta S\u00e1nchez N\u00e9stor manifest\u00f3 su respaldo al candidato de la coalici\u00f3n PRI &#8211; PRD por la presidencia de Tlapa de Comonfort, Gilberto Solano Arreaga y asegur\u00f3 que no se permitir\u00e1 la \u201cusurpaci\u00f3n ind\u00edgena\u201d.<\/p>\n\n\n\n<p>Esta tarde, en conferencia de prensa, la activista reconoci\u00f3 que con el candidato la une un camino de trabajo, la une la atenci\u00f3n a las mujeres y el trabajo con jornaleros: \u201cpor eso estoy aqu\u00ed para respaldar y acompa\u00f1ar a mi amigo y hermano ind\u00edgena, con qui\u00e9n me unen las ra\u00edces Me\u2018phaa\u201d, puntualiz\u00f3.<\/p>\n\n\n\n<p>S\u00e1nchez N\u00e9stor, sostuvo que las tendencias favorecieron a Solano Arreaga y que est\u00e1 segura que despu\u00e9s del conteo de votos, hoy va a recibir la Constancia de Mayor\u00eda.<\/p>\n\n\n\n<p>Record\u00f3 que cuando \u00e9l fue secretario de Asuntos Indigenas, ella tuvo la oportunidad de coincidir con \u00e9l y que desde ah\u00ed y luego de ah\u00ed sin tener alg\u00fan cargo pol\u00edtico, ha hecho un excelente papel como gestor en favor de la Monta\u00f1a Grande de Guerrero.<\/p>\n\n\n\n<p>La defensora de los derechos de los ind\u00edgenas, manifest\u00f3 que da su respaldo porque le gusta la ideol\u00f3gica de Gilberto Solano, porque en su discurso y en los hechos \u00e9l siempre ha hecho un llamado al respeto, la paz y la armon\u00eda.<\/p>\n\n\n\n<p>\u201cMe que plantea su gobierno como incluyente, sus propuestas de campa\u00f1a son serias y est\u00e1 visualizando empezar de cero en esta regi\u00f3n y lo que m\u00e1s me gusta es que no utiliza un lenguaje violento, quiere gobernar para todos y no solamente para quienes votaron por \u00e9l\u201d, reconoci\u00f3 la activista.<\/p>\n\n\n\n<p>Finalmente dijo, que mujeres y hombres que apoyan este proyecto, van a conjuntar esfuerzos en favor de \u00e9l, porque es una persona con \u201cvoluntad pol\u00edtica\u201d y no todos los que se dedican a \u00e9sto la tienen.<\/p>\n","protected":false},"excerpt":{"rendered":"<p>*- Negarle el triunfo es ir contra la voluntad de los pueblos originarios Chilpancingo, Guerrero a 11 de junio de 2021.- La activista y defensora de los derechos ind\u00edgenas, Marta&hellip; <\/p>\n","protected":false},"author":1,"featured_media":33802,"comment_status":"open","ping_status":"open","sticky":false,"template":"","format":"standard","meta":{"fifu_image_url":"","fifu_image_alt":"","footnotes":""},"categories":[25],"tags":[],"class_list":["post-33801","post","type-post","status-publish","format-standard","has-post-thumbnail","hentry","category-ruta-2021"],"_links":{"self":[{"href":"https:\/\/www.interaccionnoticias.com.mx\/index.php?rest_route=\/wp\/v2\/posts\/33801","targetHints":{"allow":["GET"]}}],"collection":[{"href":"https:\/\/www.interaccionnoticias.com.mx\/index.php?rest_route=\/wp\/v2\/posts"}],"about":[{"href":"https:\/\/www.interaccionnoticias.com.mx\/index.php?rest_route=\/wp\/v2\/types\/post"}],"author":[{"embeddable":true,"href":"https:\/\/www.interaccionnoticias.com.mx\/index.php?rest_route=\/wp\/v2\/users\/1"}],"replies":[{"embeddable":true,"href":"https:\/\/www.interaccionnoticias.com.mx\/index.php?rest_route=%2Fwp%2Fv2%2Fcomments&post=33801"}],"version-history":[{"count":0,"href":"https:\/\/www.interaccionnoticias.com.mx\/index.php?rest_route=\/wp\/v2\/posts\/33801\/revisions"}],"wp:featuredmedia":[{"embeddable":true,"href":"https:\/\/www.interaccionnoticias.com.mx\/index.php?rest_route=\/wp\/v2\/media\/33802"}],"wp:attachment":[{"href":"https:\/\/www.interaccionnoticias.com.mx\/index.php?rest_route=%2Fwp%2Fv2%2Fmedia&parent=33801"}],"wp:term":[{"taxonomy":"category","embeddable":true,"href":"https:\/\/www.interaccionnoticias.com.mx\/index.php?rest_route=%2Fwp%2Fv2%2Fcategories&post=33801"},{"taxonomy":"post_tag","embeddable":true,"href":"https:\/\/www.interaccionnoticias.com.mx\/index.php?rest_route=%2Fwp%2Fv2%2Ftags&post=33801"}],"curies":[{"name":"wp","href":"https:\/\/api.w.org\/{rel}","templated":true}]}}