{"id":33790,"date":"2021-06-10T23:29:37","date_gmt":"2021-06-11T04:29:37","guid":{"rendered":"http:\/\/www.inter-accion.com.mx\/?p=33790"},"modified":"2021-06-10T23:29:37","modified_gmt":"2021-06-11T04:29:37","slug":"33790","status":"publish","type":"post","link":"https:\/\/www.interaccionnoticias.com.mx\/?p=33790","title":{"rendered":"Ayuntamiento de Chilpancingo presenta Plan para ordenar el crecimiento poblacional"},"content":{"rendered":"\n<p><strong>Chilpancingo, Gro., 10 de junio de 2021.-<\/strong> El alcalde capitalino, Antonio Gaspar Beltr\u00e1n presidi\u00f3 la presentaci\u00f3n del proyecto del &#8216;Plan Municipal de Desarrollo Urbano de Chilpancingo&#8217;.<\/p>\n\n\n\n<p>En su mensaje el secretario de Desarrollo Urbano del Ayuntamiento, Miguel \u00c1ngel Garc\u00eda Villalba explic\u00f3 que para llegar a este Plan se determinaron los objetivos, se analiz\u00f3 la situaci\u00f3n actual de Chilpancingo, se gener\u00f3 un diagn\u00f3stico y finalmente se definieron las estrategias de acci\u00f3n.<\/p>\n\n\n\n<p>Garc\u00eda Villalba coment\u00f3 que este trabajo servir\u00e1 para ordenar el crecimiento poblacional, a equilibrar el equipamiento urbano, a mejorar los servicios y movilidad urbana, pero sobre todo ser\u00e1 un documento que nos servir\u00e1 para bajar recursos para ejecutar obras en beneficio de la poblaci\u00f3n.<\/p>\n\n\n\n<p>En su mensaje, Gaspar Beltr\u00e1n asegur\u00f3 que desde el inicio del Gobierno de la Gente, nos comprometimos a poner todo nuestro esfuerzo en hacer las cosas bien, y encaminar a Chilpancingo al desarrollo ordenado.<\/p>\n\n\n\n<p>El alcalde dijo que el proyecto del Plan que hoy se present\u00f3 tiene como principal objetivo buscar un progreso real, palpable, un crecimiento ordenado, pero sobre todo responsable.<\/p>\n","protected":false},"excerpt":{"rendered":"<p>Chilpancingo, Gro., 10 de junio de 2021.- El alcalde capitalino, Antonio Gaspar Beltr\u00e1n presidi\u00f3 la presentaci\u00f3n del proyecto del &#8216;Plan Municipal de Desarrollo Urbano de Chilpancingo&#8217;. En su mensaje el&hellip; <\/p>\n","protected":false},"author":1,"featured_media":33791,"comment_status":"open","ping_status":"open","sticky":false,"template":"","format":"standard","meta":{"fifu_image_url":"","fifu_image_alt":"","footnotes":""},"categories":[13],"tags":[47,56],"class_list":["post-33790","post","type-post","status-publish","format-standard","has-post-thumbnail","hentry","category-capital","tag-antonio-gaspar-beltran","tag-ayuntamiento-de-chilpancingo"],"_links":{"self":[{"href":"https:\/\/www.interaccionnoticias.com.mx\/index.php?rest_route=\/wp\/v2\/posts\/33790","targetHints":{"allow":["GET"]}}],"collection":[{"href":"https:\/\/www.interaccionnoticias.com.mx\/index.php?rest_route=\/wp\/v2\/posts"}],"about":[{"href":"https:\/\/www.interaccionnoticias.com.mx\/index.php?rest_route=\/wp\/v2\/types\/post"}],"author":[{"embeddable":true,"href":"https:\/\/www.interaccionnoticias.com.mx\/index.php?rest_route=\/wp\/v2\/users\/1"}],"replies":[{"embeddable":true,"href":"https:\/\/www.interaccionnoticias.com.mx\/index.php?rest_route=%2Fwp%2Fv2%2Fcomments&post=33790"}],"version-history":[{"count":0,"href":"https:\/\/www.interaccionnoticias.com.mx\/index.php?rest_route=\/wp\/v2\/posts\/33790\/revisions"}],"wp:featuredmedia":[{"embeddable":true,"href":"https:\/\/www.interaccionnoticias.com.mx\/index.php?rest_route=\/wp\/v2\/media\/33791"}],"wp:attachment":[{"href":"https:\/\/www.interaccionnoticias.com.mx\/index.php?rest_route=%2Fwp%2Fv2%2Fmedia&parent=33790"}],"wp:term":[{"taxonomy":"category","embeddable":true,"href":"https:\/\/www.interaccionnoticias.com.mx\/index.php?rest_route=%2Fwp%2Fv2%2Fcategories&post=33790"},{"taxonomy":"post_tag","embeddable":true,"href":"https:\/\/www.interaccionnoticias.com.mx\/index.php?rest_route=%2Fwp%2Fv2%2Ftags&post=33790"}],"curies":[{"name":"wp","href":"https:\/\/api.w.org\/{rel}","templated":true}]}}