{"id":33781,"date":"2021-06-10T19:17:22","date_gmt":"2021-06-11T00:17:22","guid":{"rendered":"http:\/\/www.inter-accion.com.mx\/?p=33781"},"modified":"2021-06-10T19:17:22","modified_gmt":"2021-06-11T00:17:22","slug":"33781","status":"publish","type":"post","link":"https:\/\/www.interaccionnoticias.com.mx\/?p=33781","title":{"rendered":"Apreza: \u201cPRI-PRD no llevar\u00e1n a Guerrero a la confrontaci\u00f3n\u201d"},"content":{"rendered":"\n<p><strong><em>&#8211; Aclara que la lucha es jur\u00eddica<\/em><\/strong><\/p>\n\n\n\n<p><strong>Rogelio Agust\u00edn<\/strong><\/p>\n\n\n\n<p>El dirigente estatal del PRI, H\u00e9ctor Apreza Patr\u00f3n aclar\u00f3 que dicho instituto pol\u00edtico y su candidato, Mario Moreno Arcos no van a llevar al estado de Guerrero hacia la confrontaci\u00f3n, pues la lucha porque se clarifique la elecci\u00f3n de gobernador se circunscribe al \u00e1mbito jur\u00eddico.<\/p>\n\n\n\n<p>V\u00eda telef\u00f3nica, Apreza Patr\u00f3n calific\u00f3 como impresionante la cantidad de casillas que se est\u00e1n abriendo en todo e estado de Guerrero, lo que incluso, ya mereci\u00f3 un reclamo por parte de la representaci\u00f3n de Morena ante el Instituto Electoral de Participaci\u00f3n Ciudadana (IEPC).<\/p>\n\n\n\n<p>Lo anterior, dijo que indudablemente, tiene su fundamento en el hecho de que la elecci\u00f3n tuvo problemas en su organizaci\u00f3n.<\/p>\n\n\n\n<p>Consider\u00f3 que ser\u00eda un acto de honestidad, que los integrantes del Consejo General del IEPC dieran un posicionamiento abierto, en el que permitieran preguntas de los medios de comunicaci\u00f3n, para efecto de que explicaran a detalle las causas de los problemas registrados.<\/p>\n\n\n\n<p>Explic\u00f3 que la actitud del PRI y de su aliado el PRD ha sido muy consciente, se analizar\u00e1n las inconsistencias para proceder jur\u00eddicamente.<\/p>\n\n\n\n<p>Record\u00f3 que en un acto de responsabilidad, su candidato, Mario Moreno Arcos ha dicho que una vez que tenga los resultados de la elecci\u00f3n, valorar\u00e1 la posibilidad de impugnar.<\/p>\n\n\n\n<p>Por esa raz\u00f3n es que indic\u00f3, llama la atenci\u00f3n el hecho de que hasta el momento, los integrantes del IEPC no hayan saldo a fijar una postura clara contundente, en la que aclaren que fue lo que propici\u00f3 que el PREP se les saliera de control.<\/p>\n\n\n\n<p>Reproch\u00f3 que hasta el momento no hayan procedido en contra de la empresa que contrataron para el desarrollo del PREP, pues las penalizaciones por incumplimiento deben estar contenidas en el contrato correspondiente.<\/p>\n\n\n\n<p>Insisti\u00f3 en que lo vivido es una clara ca\u00edda del sistema, por lo que aclar\u00f3 que la coalici\u00f3n PRI-PRD no se est\u00e1 pronunciando en contra de los dem\u00e1s partidos pol\u00edticos ni de los candidatos, pues se tiene claridad en el hecho de que las fallas son una responsabilidad del \u00e1rbitro.<\/p>\n\n\n\n<p>A estas alturas, dijo que gane quien gane, la ca\u00edda del sistema le resta credibilidad a los resultados.<\/p>\n\n\n\n<p><strong>De las inconsistencias comprobadas<\/strong><\/p>\n\n\n\n<p>H\u00e9ctor Apreza Patr\u00f3n refiere que durante el c\u00f3mputo oficial de los votos se han detectado varias irregularidades, las cuales motivan a mantener la postura de ir al recuento casilla por casilla.<\/p>\n\n\n\n<p>\u201cPor ejemplo, en Arcelia, tras el conteo se recuperaron casi dos mil votos; en Cutzamala de Pinz\u00f2n, otro municipio de la Tierra Caliente recuperamos otros mil votos y es por eso que consideramos que estamos en la ruta correcta.<\/p>\n\n\n\n<p>Por esa raz\u00f3n, el tambi\u00e9n diputado local dijo que la postura es analizar todas las irregularidades y con base al an\u00e1lisis jur\u00eddicos, ver si es pertinente ir a la impugnaci\u00f3n.<\/p>\n\n\n\n<p>Para estas alturas, se\u00f1al\u00f3 que la conducci\u00f3n del proceso por parte del IEPC se puede caificar simplemente como \u201cgrotesca\u201d.<\/p>\n\n\n\n<p><strong>No buscan la confrontaci\u00f3n<\/strong><\/p>\n\n\n\n<p>A pregunta expresa, el dirigente estatal del PRI sostiene que la coalici\u00f3n tiene la convicci\u00f3n de manejarse siempre dentro del marco de la ley, as\u00ed como del respeto a las instituciones.<\/p>\n\n\n\n<p>Por eso indic\u00f3: \u201cMe parece grotesca la declaraci\u00f3n de Marcial Rodr\u00edguez Salda\u00f1a, dirigente de Morena, en la que haba de un enfrentamiento entre el Gobierno del Estado y de la Federaci\u00f3n, porque deja de manifiesto que el Gobierno de la Rep\u00fablica meti\u00f3 as manos en el proceso de Guerrero\u201d.<\/p>\n\n\n\n<p>Agreg\u00f3: \u201cNos queda claro, que el dirigente de Morena le apuesta a la desestabilzaci\u00f3n de Guerrero. Pero nosotros actuaremos en el marco de la ley, no estamos amenazando, vamos en el marco de la institucionalidad\u201d.<\/p>\n\n\n\n<p>Y sostuvo: \u201cNosotros no vamos a llevar a Guerrero hacia un enfrentamiento, en adelante, todo lo que suceda es responsabilidad de quien organiz\u00f3 la elecci\u00f3n, no de los candidatos ni de los partidos pol\u00edticos\u201d.<\/p>\n","protected":false},"excerpt":{"rendered":"<p>&#8211; Aclara que la lucha es jur\u00eddica Rogelio Agust\u00edn El dirigente estatal del PRI, H\u00e9ctor Apreza Patr\u00f3n aclar\u00f3 que dicho instituto pol\u00edtico y su candidato, Mario Moreno Arcos no van&hellip; <\/p>\n","protected":false},"author":1,"featured_media":33767,"comment_status":"open","ping_status":"open","sticky":false,"template":"","format":"standard","meta":{"fifu_image_url":"","fifu_image_alt":"","footnotes":""},"categories":[25],"tags":[113],"class_list":["post-33781","post","type-post","status-publish","format-standard","has-post-thumbnail","hentry","category-ruta-2021","tag-hector-apreza-patron"],"_links":{"self":[{"href":"https:\/\/www.interaccionnoticias.com.mx\/index.php?rest_route=\/wp\/v2\/posts\/33781","targetHints":{"allow":["GET"]}}],"collection":[{"href":"https:\/\/www.interaccionnoticias.com.mx\/index.php?rest_route=\/wp\/v2\/posts"}],"about":[{"href":"https:\/\/www.interaccionnoticias.com.mx\/index.php?rest_route=\/wp\/v2\/types\/post"}],"author":[{"embeddable":true,"href":"https:\/\/www.interaccionnoticias.com.mx\/index.php?rest_route=\/wp\/v2\/users\/1"}],"replies":[{"embeddable":true,"href":"https:\/\/www.interaccionnoticias.com.mx\/index.php?rest_route=%2Fwp%2Fv2%2Fcomments&post=33781"}],"version-history":[{"count":0,"href":"https:\/\/www.interaccionnoticias.com.mx\/index.php?rest_route=\/wp\/v2\/posts\/33781\/revisions"}],"wp:featuredmedia":[{"embeddable":true,"href":"https:\/\/www.interaccionnoticias.com.mx\/index.php?rest_route=\/wp\/v2\/media\/33767"}],"wp:attachment":[{"href":"https:\/\/www.interaccionnoticias.com.mx\/index.php?rest_route=%2Fwp%2Fv2%2Fmedia&parent=33781"}],"wp:term":[{"taxonomy":"category","embeddable":true,"href":"https:\/\/www.interaccionnoticias.com.mx\/index.php?rest_route=%2Fwp%2Fv2%2Fcategories&post=33781"},{"taxonomy":"post_tag","embeddable":true,"href":"https:\/\/www.interaccionnoticias.com.mx\/index.php?rest_route=%2Fwp%2Fv2%2Ftags&post=33781"}],"curies":[{"name":"wp","href":"https:\/\/api.w.org\/{rel}","templated":true}]}}