{"id":33773,"date":"2021-06-10T19:09:31","date_gmt":"2021-06-11T00:09:31","guid":{"rendered":"http:\/\/www.inter-accion.com.mx\/?p=33773"},"modified":"2021-06-10T19:09:31","modified_gmt":"2021-06-11T00:09:31","slug":"33773","status":"publish","type":"post","link":"https:\/\/www.interaccionnoticias.com.mx\/?p=33773","title":{"rendered":"El Congreso retirar\u00e1 la propuesta de incremento del 3.15 al salario de sus trabajadores"},"content":{"rendered":"\n<p><strong><em>&#8211; Una parte de ese recurso se destinar\u00e1 a compensaciones de trabajadores que a pesar de la pandemia siguieron trabajando<\/em><\/strong><\/p>\n\n\n\n<p><strong>Rosario Garc\u00eda Orozco<\/strong><\/p>\n\n\n\n<p>Chilpancingo, Gro., 10 de junio del 2021.- La administraci\u00f3n del Congreso Local retirar\u00e1 la propuesta que hizo al sindicato de trabajadores de incremento salarial del 3.15 por ciento, y el recurso que los trabajadores rechazan se aplicar\u00e1, en parte, en compensaciones para los empleados que a pesar de la pandemia por Covid 19 no dejaron de laborar.<\/p>\n\n\n\n<p>Alfredo S\u00e1nchez Esquivel, presidente de la Junta de Coordinaci\u00f3n Pol\u00edtica del Poder Legislativo declar\u00f3 lo anterior y agreg\u00f3 que el sindicato les pide un incremento del 8 por ciento, pero es una decisi\u00f3n que no pueden aprobar, ante las complicaciones econ\u00f3micas a las que se ha enfrentado la administraci\u00f3n p\u00fablica tras la pandemia por Covid 19.<\/p>\n\n\n\n<p>El presidente de la Jucopo mencion\u00f3 que la semana pasada hubo un avance importante en las negociaciones con los trabajadores, \u201csin embargo, hay una petici\u00f3n un poco fuera de lugar, porque nos est\u00e1n pidiendo que les demos de almorzar a todos los trabajadores, como parte de las conquistas laborales\u201d.<\/p>\n\n\n\n<p>\u201cCon todo respeto, yo se que los lugares donde eso ocurre es donde se tiene a trabajadores en un lugar donde se preparan alimentos, pero el Congreso del Estado no es un lugar que produzca alimentos, con todo respeto a la base trabajadora, todo parece indicar que lo que no quieren es llegar a acuerdos\u201d, sostuvo el legislador.<\/p>\n\n\n\n<p>S\u00e1nchez Esquivel coment\u00f3 que una parte de esos recursos que ser\u00edan destinados al incremento salarial, se direccionar\u00e1 al reconocimiento a los trabajadores que a pesar de la pandemia por Covid 19 no dejaron de laborar, con todo y los riesgos que hab\u00eda, \u201cque siempre se mantuvieron trabajando, brindando sus servicios, mientras que otros, y lo reconocemos, tomaron todas las precauciones y se ausentaron\u201d.<\/p>\n\n\n\n<p>Lament\u00f3 que los trabajadores no hayan valorado la propuesta realizada por la parte administrativa del Poder Legislativo, y adelant\u00f3 que es una determinaci\u00f3n que se debe tomar lo m\u00e1s pronto posible porque en una semana m\u00e1s concluye el periodo ordinario del congreso.<\/p>\n\n\n\n<p>\u201cPr\u00e1cticamente lleva dos meses el planteamiento del 3.15 por ciento ha habido manifestaciones, las hemos escuchado tanto de parte de los lideres sindicales del Congreso y del SUSPEG, hemos sido muy respetuosos, pero por lo visto no es lo que ellos requieren o necesitan\u201d, dijo Alfredo S\u00e1nchez.<\/p>\n\n\n\n<p>En entrevistas anteriores el diputado morenista tambi\u00e9n ha mencionado que ese incremento del 3.15 por ciento al salario de los trabajadores que no han aceptado los l\u00edderes sindicales, podr\u00eda destinarse al pago de finiquitos de los empleados que saldr\u00e1n del congreso cuando termine la legislatura.<\/p>\n","protected":false},"excerpt":{"rendered":"<p>&#8211; Una parte de ese recurso se destinar\u00e1 a compensaciones de trabajadores que a pesar de la pandemia siguieron trabajando Rosario Garc\u00eda Orozco Chilpancingo, Gro., 10 de junio del 2021.-&hellip; <\/p>\n","protected":false},"author":1,"featured_media":33766,"comment_status":"open","ping_status":"open","sticky":false,"template":"","format":"standard","meta":{"fifu_image_url":"","fifu_image_alt":"","footnotes":""},"categories":[2],"tags":[],"class_list":["post-33773","post","type-post","status-publish","format-standard","has-post-thumbnail","hentry","category-congreso"],"_links":{"self":[{"href":"https:\/\/www.interaccionnoticias.com.mx\/index.php?rest_route=\/wp\/v2\/posts\/33773","targetHints":{"allow":["GET"]}}],"collection":[{"href":"https:\/\/www.interaccionnoticias.com.mx\/index.php?rest_route=\/wp\/v2\/posts"}],"about":[{"href":"https:\/\/www.interaccionnoticias.com.mx\/index.php?rest_route=\/wp\/v2\/types\/post"}],"author":[{"embeddable":true,"href":"https:\/\/www.interaccionnoticias.com.mx\/index.php?rest_route=\/wp\/v2\/users\/1"}],"replies":[{"embeddable":true,"href":"https:\/\/www.interaccionnoticias.com.mx\/index.php?rest_route=%2Fwp%2Fv2%2Fcomments&post=33773"}],"version-history":[{"count":0,"href":"https:\/\/www.interaccionnoticias.com.mx\/index.php?rest_route=\/wp\/v2\/posts\/33773\/revisions"}],"wp:featuredmedia":[{"embeddable":true,"href":"https:\/\/www.interaccionnoticias.com.mx\/index.php?rest_route=\/wp\/v2\/media\/33766"}],"wp:attachment":[{"href":"https:\/\/www.interaccionnoticias.com.mx\/index.php?rest_route=%2Fwp%2Fv2%2Fmedia&parent=33773"}],"wp:term":[{"taxonomy":"category","embeddable":true,"href":"https:\/\/www.interaccionnoticias.com.mx\/index.php?rest_route=%2Fwp%2Fv2%2Fcategories&post=33773"},{"taxonomy":"post_tag","embeddable":true,"href":"https:\/\/www.interaccionnoticias.com.mx\/index.php?rest_route=%2Fwp%2Fv2%2Ftags&post=33773"}],"curies":[{"name":"wp","href":"https:\/\/api.w.org\/{rel}","templated":true}]}}