{"id":33765,"date":"2021-06-10T19:06:30","date_gmt":"2021-06-11T00:06:30","guid":{"rendered":"http:\/\/www.inter-accion.com.mx\/?p=33765"},"modified":"2021-06-10T19:06:30","modified_gmt":"2021-06-11T00:06:30","slug":"33765","status":"publish","type":"post","link":"https:\/\/www.interaccionnoticias.com.mx\/?p=33765","title":{"rendered":"\u201cTala clandestina de madera y narcotr\u00e1fico, causa de la violencia en Los Guajes\u201d, dice el gobernador H\u00e9ctor Astudillo"},"content":{"rendered":"\n<p><strong><em>&#8211; Confirma la llegada de personal militar y la Polic\u00eda del Estado<\/em><\/strong><\/p>\n\n\n\n<p><strong>Rogelio Agust\u00edn<\/strong><\/p>\n\n\n\n<p>El gobernador H\u00e9ctor Astudillo Flores confirm\u00f3 que la jornada de este jueves llegaron elementos del Ej\u00e9rcito Mexicano, la Guardia Nacional (GN) y la Polic\u00eda del Estado para resguardar los pueblos del Ejido los Guajes, donde se han reportado enfrentamientos armados durante cuatro d\u00edas, aclar\u00f3 que no se han confirmado indicios de violencia y se\u00f1al\u00f3 que en la zona existen problemas de narcotr\u00e1fico y tala clandestina de madera.<\/p>\n\n\n\n<p>En Chilpancingo, el jefe del Ejecutivo local destac\u00f3 que la jornada del mi\u00e9rcoles 9 de junio se realizaron sobrevuelos en la zona que comprenden las comunidades de El Pescado y Hacienda de Dolores, pertenecientes al Ejido los Guajes, en el municipio de Coyuca de Catal\u00e1n.<\/p>\n\n\n\n<p>Hasta la jornada del jueves, la informaci\u00f3n que el gobernador Astudillo Flores ten\u00eda, es que no hab\u00eda ning\u00fan camino interrumpido, tampoco alguna se\u00f1al de violencia.<\/p>\n\n\n\n<p>Manifest\u00f3 que en el transcurso del 10 de junio llegar\u00edan a la zona elementos del Ej\u00e9rcito Mexicano, la Guardia Nacional y de la Polic\u00eda del Estado, lo que permitir\u00eda contar con testimonios y gr\u00e1ficas de los pueblos se\u00f1alados.<\/p>\n\n\n\n<p>Explic\u00f3 que se trata de pueblos ubicados a diez horas de camino, en la Sierra de Tierra Caliente y que por lo tanto, se debe esperar a que lleguen los cuerpos de seguridad.<\/p>\n\n\n\n<p>Respecto a la causa pro la que se retir\u00f3 al personal que estaba cerca de la zona en donde se han denunciado enfrentamientos, dijo que durante los \u00faltimos d\u00edas, toda la Polic\u00eda del Estado, la Guardia Nacional y la Sedena ha estado atentas al desarrollo de las elecciones.<\/p>\n\n\n\n<p>Sin embargo, ante los reportes recibidos, la tarde del 9 de junio se arm\u00f3 un grupo especial, mismo que la ma\u00f1ana del jueves sali\u00f3 para el Ejido Los Guajes.<\/p>\n\n\n\n<p>Para que el despliegue fuera posible, se tuvo que retirar a personal que se encontraba resguardando varios Consejos Distritales Electorales, los que garantizaban que la etapa del c\u00f3mputo oficial de votos se desarrollara sin problema.<\/p>\n\n\n\n<p>A pregunta expresa, el gobernador destac\u00f3 que ya sin varias las ocasiones en que las autoridades van a esa parte de la Tierra Caliente.<\/p>\n\n\n\n<p>Reconoci\u00f3 que se trata de tres pueblos que son amedrentados por grupos delictivos, pero tambi\u00e9n se\u00f1al\u00f3 que se tiene muy claro lo que sucede ah\u00ed: \u201cNo somos ingenios; ah\u00ed hay asuntos de tala de arboles y de narcotr\u00e1fico, eso no lo podemos negar\u201d.<\/p>\n\n\n\n<p>A pregunta expresa, dijo que no existe la posibilidad de instalar en ning\u00fan lugar puntos de vigilancia permanente, por los problemas que se enfrentan en el estado.<\/p>\n","protected":false},"excerpt":{"rendered":"<p>&#8211; Confirma la llegada de personal militar y la Polic\u00eda del Estado Rogelio Agust\u00edn El gobernador H\u00e9ctor Astudillo Flores confirm\u00f3 que la jornada de este jueves llegaron elementos del Ej\u00e9rcito&hellip; <\/p>\n","protected":false},"author":1,"featured_media":33769,"comment_status":"open","ping_status":"open","sticky":false,"template":"","format":"standard","meta":{"fifu_image_url":"","fifu_image_alt":"","footnotes":""},"categories":[11],"tags":[115],"class_list":["post-33765","post","type-post","status-publish","format-standard","has-post-thumbnail","hentry","category-guerrero","tag-hector-astudillo-2"],"_links":{"self":[{"href":"https:\/\/www.interaccionnoticias.com.mx\/index.php?rest_route=\/wp\/v2\/posts\/33765","targetHints":{"allow":["GET"]}}],"collection":[{"href":"https:\/\/www.interaccionnoticias.com.mx\/index.php?rest_route=\/wp\/v2\/posts"}],"about":[{"href":"https:\/\/www.interaccionnoticias.com.mx\/index.php?rest_route=\/wp\/v2\/types\/post"}],"author":[{"embeddable":true,"href":"https:\/\/www.interaccionnoticias.com.mx\/index.php?rest_route=\/wp\/v2\/users\/1"}],"replies":[{"embeddable":true,"href":"https:\/\/www.interaccionnoticias.com.mx\/index.php?rest_route=%2Fwp%2Fv2%2Fcomments&post=33765"}],"version-history":[{"count":0,"href":"https:\/\/www.interaccionnoticias.com.mx\/index.php?rest_route=\/wp\/v2\/posts\/33765\/revisions"}],"wp:featuredmedia":[{"embeddable":true,"href":"https:\/\/www.interaccionnoticias.com.mx\/index.php?rest_route=\/wp\/v2\/media\/33769"}],"wp:attachment":[{"href":"https:\/\/www.interaccionnoticias.com.mx\/index.php?rest_route=%2Fwp%2Fv2%2Fmedia&parent=33765"}],"wp:term":[{"taxonomy":"category","embeddable":true,"href":"https:\/\/www.interaccionnoticias.com.mx\/index.php?rest_route=%2Fwp%2Fv2%2Fcategories&post=33765"},{"taxonomy":"post_tag","embeddable":true,"href":"https:\/\/www.interaccionnoticias.com.mx\/index.php?rest_route=%2Fwp%2Fv2%2Ftags&post=33765"}],"curies":[{"name":"wp","href":"https:\/\/api.w.org\/{rel}","templated":true}]}}