{"id":33720,"date":"2021-06-09T20:47:17","date_gmt":"2021-06-10T01:47:17","guid":{"rendered":"http:\/\/www.inter-accion.com.mx\/?p=33720"},"modified":"2021-06-09T20:47:17","modified_gmt":"2021-06-10T01:47:17","slug":"33720","status":"publish","type":"post","link":"https:\/\/www.interaccionnoticias.com.mx\/?p=33720","title":{"rendered":"En Guerrero no hay casos de hongo negro: Secretar\u00eda de Salud"},"content":{"rendered":"\n<p><strong><em>Rosario Garc\u00eda Orozco<\/em><\/strong><\/p>\n\n\n\n<p><strong>Chilpancingo, Gro., 9 de junio del 2021.-<\/strong> El Secretario de Salud en la entidad, Carlos de la Pe\u00f1a Pintos neg\u00f3 que en Guerrero se hayan registrado casos de hongo negro.<\/p>\n\n\n\n<p>Recientemente se difundi\u00f3 en redes sociales que en Acapulco se hab\u00eda detectado el caso de un paciente con ese padecimiento, circunstancia que neg\u00f3 el funcionario estatal, quien explic\u00f3 que ya se hizo la investigaci\u00f3n correspondiente a trav\u00e9s de la jurisdicci\u00f3n sanitaria en el puerto, y se descart\u00f3 esa posibilidad.<\/p>\n\n\n\n<p>El hongo negro es una infecci\u00f3n que no est\u00e1 necesariamente relacionada al Covid, sino que puede presentarse en pacientes inmunocomprometidos, por lo que De la Pe\u00f1a Pintos asegur\u00f3 que no hay registro de alg\u00fan paciente con este padecimiento.<\/p>\n\n\n\n<p>Se comprometi\u00f3 a que que la dependencia a su cargo, continuar\u00e1 con la vigilancia correspondiente para descartar alg\u00fan caso.<\/p>\n\n\n\n<p>Por otro lado, el secretario de salud insisti\u00f3 en que todos los guerrerenses deben vacunarse, y pidi\u00f3 a quienes est\u00e1n en los rangos de edad para recibir la vacuna anti Covid que lo hagan para que haya m\u00e1s poblaci\u00f3n inmunizada y poco a poco se siga baj\u00e1ndola incidencia de contagios.<\/p>\n\n\n\n<p>En cuanto a los n\u00fameros de la pandemia, dio a conocer que hasta este mi\u00e9rcoles, se tienen un registro de 41 mil 366 casos confirmados y 4 mil 499 defunciones, en tanto que casos nuevos registrados en las \u00faltimas horas son 42.<\/p>\n\n\n\n<p>Sobre los casos activos, se\u00f1al\u00f3 que se tienen menos de 15, en diez municipios donde hay la presencia de la enfermedad, sumando 200 casos activos en todo el estado.<\/p>\n\n\n\n<p>La tendencia de hospitalizaci\u00f3n se encuentra en 66 por ciento y confi\u00f3 en que el registro de contagios siga disminuyendo; en cuanto a las defunciones, dijo que se registran dos casos por d\u00eda en el transcurso del mes de junio.<\/p>\n","protected":false},"excerpt":{"rendered":"<p>Rosario Garc\u00eda Orozco Chilpancingo, Gro., 9 de junio del 2021.- El Secretario de Salud en la entidad, Carlos de la Pe\u00f1a Pintos neg\u00f3 que en Guerrero se hayan registrado casos&hellip; <\/p>\n","protected":false},"author":1,"featured_media":33721,"comment_status":"open","ping_status":"open","sticky":false,"template":"","format":"standard","meta":{"fifu_image_url":"","fifu_image_alt":"","footnotes":""},"categories":[26],"tags":[],"class_list":["post-33720","post","type-post","status-publish","format-standard","has-post-thumbnail","hentry","category-salud"],"_links":{"self":[{"href":"https:\/\/www.interaccionnoticias.com.mx\/index.php?rest_route=\/wp\/v2\/posts\/33720","targetHints":{"allow":["GET"]}}],"collection":[{"href":"https:\/\/www.interaccionnoticias.com.mx\/index.php?rest_route=\/wp\/v2\/posts"}],"about":[{"href":"https:\/\/www.interaccionnoticias.com.mx\/index.php?rest_route=\/wp\/v2\/types\/post"}],"author":[{"embeddable":true,"href":"https:\/\/www.interaccionnoticias.com.mx\/index.php?rest_route=\/wp\/v2\/users\/1"}],"replies":[{"embeddable":true,"href":"https:\/\/www.interaccionnoticias.com.mx\/index.php?rest_route=%2Fwp%2Fv2%2Fcomments&post=33720"}],"version-history":[{"count":0,"href":"https:\/\/www.interaccionnoticias.com.mx\/index.php?rest_route=\/wp\/v2\/posts\/33720\/revisions"}],"wp:featuredmedia":[{"embeddable":true,"href":"https:\/\/www.interaccionnoticias.com.mx\/index.php?rest_route=\/wp\/v2\/media\/33721"}],"wp:attachment":[{"href":"https:\/\/www.interaccionnoticias.com.mx\/index.php?rest_route=%2Fwp%2Fv2%2Fmedia&parent=33720"}],"wp:term":[{"taxonomy":"category","embeddable":true,"href":"https:\/\/www.interaccionnoticias.com.mx\/index.php?rest_route=%2Fwp%2Fv2%2Fcategories&post=33720"},{"taxonomy":"post_tag","embeddable":true,"href":"https:\/\/www.interaccionnoticias.com.mx\/index.php?rest_route=%2Fwp%2Fv2%2Ftags&post=33720"}],"curies":[{"name":"wp","href":"https:\/\/api.w.org\/{rel}","templated":true}]}}