{"id":33712,"date":"2021-06-09T20:39:51","date_gmt":"2021-06-10T01:39:51","guid":{"rendered":"http:\/\/www.inter-accion.com.mx\/?p=33712"},"modified":"2021-06-09T20:39:51","modified_gmt":"2021-06-10T01:39:51","slug":"33712","status":"publish","type":"post","link":"https:\/\/www.interaccionnoticias.com.mx\/?p=33712","title":{"rendered":"No debe espantar a nadie el conteo de votos casilla por casilla, considera Sebastian de la Rosa"},"content":{"rendered":"\n<p><strong>Rosario Garc\u00eda Orozco<\/strong><\/p>\n\n\n\n<p><strong>Chilpancingo, Gro., 9 de junio del 2021.- <\/strong>El dirigente del Movimiento Social y Campesino de Guerrero, Sebastian de la Rosa Pel\u00e1ez respald\u00f3 la decisi\u00f3n de Mario Moreno Arcos, candidato de la alianza PRI-PRD a gobernador de Guerrero, quien exigi\u00f3 transparencia en el conteo de votos de la elecci\u00f3n del domingo pasado, \u201cno debe espantar a nadie, ya sucedi\u00f3 en 2006\u201d.<\/p>\n\n\n\n<p>El ex perredista explic\u00f3 que en la contienda electoral como organizaci\u00f3n decidieron apoyar la candidatura de Moreno Arcos sin adherirse al PRI, \u201csolo al proyecto de Mario, nosotros seguimos siendo un movimiento social independiente\u201d.<\/p>\n\n\n\n<p>Agreg\u00f3 que seguir\u00e1n apoyando ese proyecto \u201cMario hasta que conozcamos los resultado finales y sepamos la calificaci\u00f3n. Estoy totalmente de acuerdo en el planteamiento de que se limpie el proceso electoral, por que no es posible que estemos en un r\u00e9gimen de aparente democracia, en donde lo primero que se hace es manosear el proceso desde la presidencia de la Rep\u00fablica a nivel general y en particular en el estado manipular la emisi\u00f3n de la informaci\u00f3n del resultado preliminar, eso no es posible, se est\u00e1 declarando un triunfo sin siquiera el 40 por ciento del computo real de casillas\u201d.<\/p>\n\n\n\n<p>Asegur\u00f3 que ese tipo de acciones \u201cno pueden ser posibles y menos legales, y no es posible tampoco que se quiera validar un resultado preliminar con casillas en donde se dice que hubo cero votos para Mario Moreno, cuando gan\u00f3 inclusive en esos lugares, como pas\u00f3 en municipios de la Costa Chica, Monta\u00f1a y Tierra Caliente\u201d.<\/p>\n\n\n\n<p>De tal modo que consider\u00f3 que es derecho de cualquier actor pol\u00edtico exigir el conteo casilla por casilla, \u201cpor lo tanto el respaldo no es s\u00f3lo personal, sino del Movimiento Social de Campesinos de Guerrero a esta exigencia que hace Mario Moreno Arcos para que el proceso se limpie\u201d.<\/p>\n\n\n\n<p>Agreg\u00f3 que ese proceso de conteo de votos casilla por casilla ya se vivi\u00f3 en 2006, \u201centonces creo que no debe de ser espanto para nadie, sino para dar certeza al proceso. Una vez que esto suceda ya no habr\u00e1 ning\u00fan guerrerense sensato que desconozca los resultados, de no ser as\u00ed se quedar\u00e1 el precedente en Guerrero de un fraude que obviamente estuvo maquinado desde el interior del poder federal\u201d.<\/p>\n","protected":false},"excerpt":{"rendered":"<p>Rosario Garc\u00eda Orozco Chilpancingo, Gro., 9 de junio del 2021.- El dirigente del Movimiento Social y Campesino de Guerrero, Sebastian de la Rosa Pel\u00e1ez respald\u00f3 la decisi\u00f3n de Mario Moreno&hellip; <\/p>\n","protected":false},"author":1,"featured_media":33704,"comment_status":"open","ping_status":"open","sticky":false,"template":"","format":"standard","meta":{"fifu_image_url":"","fifu_image_alt":"","footnotes":""},"categories":[25],"tags":[],"class_list":["post-33712","post","type-post","status-publish","format-standard","has-post-thumbnail","hentry","category-ruta-2021"],"_links":{"self":[{"href":"https:\/\/www.interaccionnoticias.com.mx\/index.php?rest_route=\/wp\/v2\/posts\/33712","targetHints":{"allow":["GET"]}}],"collection":[{"href":"https:\/\/www.interaccionnoticias.com.mx\/index.php?rest_route=\/wp\/v2\/posts"}],"about":[{"href":"https:\/\/www.interaccionnoticias.com.mx\/index.php?rest_route=\/wp\/v2\/types\/post"}],"author":[{"embeddable":true,"href":"https:\/\/www.interaccionnoticias.com.mx\/index.php?rest_route=\/wp\/v2\/users\/1"}],"replies":[{"embeddable":true,"href":"https:\/\/www.interaccionnoticias.com.mx\/index.php?rest_route=%2Fwp%2Fv2%2Fcomments&post=33712"}],"version-history":[{"count":0,"href":"https:\/\/www.interaccionnoticias.com.mx\/index.php?rest_route=\/wp\/v2\/posts\/33712\/revisions"}],"wp:featuredmedia":[{"embeddable":true,"href":"https:\/\/www.interaccionnoticias.com.mx\/index.php?rest_route=\/wp\/v2\/media\/33704"}],"wp:attachment":[{"href":"https:\/\/www.interaccionnoticias.com.mx\/index.php?rest_route=%2Fwp%2Fv2%2Fmedia&parent=33712"}],"wp:term":[{"taxonomy":"category","embeddable":true,"href":"https:\/\/www.interaccionnoticias.com.mx\/index.php?rest_route=%2Fwp%2Fv2%2Fcategories&post=33712"},{"taxonomy":"post_tag","embeddable":true,"href":"https:\/\/www.interaccionnoticias.com.mx\/index.php?rest_route=%2Fwp%2Fv2%2Ftags&post=33712"}],"curies":[{"name":"wp","href":"https:\/\/api.w.org\/{rel}","templated":true}]}}