{"id":3371,"date":"2017-04-05T16:59:53","date_gmt":"2017-04-05T21:59:53","guid":{"rendered":"http:\/\/www.inter-accion.com.mx\/?p=3371"},"modified":"2017-04-05T16:59:53","modified_gmt":"2017-04-05T21:59:53","slug":"ceteg-marcha-hacia-el-congreso-local","status":"publish","type":"post","link":"https:\/\/www.interaccionnoticias.com.mx\/?p=3371","title":{"rendered":"CETEG marcha hacia el Congreso local"},"content":{"rendered":"<p>Exigen dialogo con la Secretar\u00eda de Educaci\u00f3n y desconocen a su dirigente<br \/>\n&nbsp;<br \/>\nMaestros disidentes marcharon hacia las instalaciones del Congreso local, desconocieron como dirigente al profesor Acangel Ram\u00edrez Perulero y solicitaron la instalaci\u00f3n de una mesa de trabajo con la Secretar\u00eda de Educaci\u00f3n Guerrero (SEG)<br \/>\nEncabezados por la profesora Antonia Morales V\u00e9lez, los maestros de las regiones Centro y Norte, respectivamente, caminaron de la Alameda Granados Maldonado, en el centro de la ciudad hacia las instalaciones del Congreso local, en donde solicitaron una reuni\u00f3n con la Junta de Coordinaci\u00f3n Pol\u00edtica.<br \/>\nDe entrada, los mentores manifestaron su rechazo ante la designaci\u00f3n de Arcangel Ram\u00edrez como secretario general de la CETEG, ya que insistieron en que fue designado en un Congreso parcial, del cual no tomaron parte todas las expresiones del magisterio disidente.<br \/>\n\u201cLo que pas\u00f3 fue que lo nombraron solo entre un grupo de amigos, de la misma forma es que se han dado a la tarea de integrar las carteras del comit\u00e9 seccional, por eso no los reconocemos\u201d, asegur\u00f3 Lenin Serrano Esp\u00edndola, integrante de la Comisi\u00f3n Pol\u00edtica de la CETEG en la zona norte de la entidad.<br \/>\nRecorrieron las avenidas Benito Ju\u00e1rez, Ignacio Ram\u00edrez, L\u00e1zaro C\u00e1rdenas y llegaron hasta el punto conocido como \u201cEl Tr\u00e9bol\u201d, donde se ubica el Congreso del estado.<br \/>\nAh\u00ed solicitaron que la Junta de Coordinaci\u00f3n Pol\u00edtica los recibiera para instalar una mesa de trabajo, con la intenci\u00f3n de que facilite el acercamiento con el gobierno estatal para retomar asuntos que la SEG no ha resuelto desde hace meses.<br \/>\nAnticiparon que si prevalece en la SEG una actitud de cerraz\u00f3n, ellos van a radicalizar sus acciones a partir de la pr\u00f3xima semana.<br \/>\nTambi\u00e9n insistieron en a necesidad de que al menos 7 mil trabajadores administrativos se incorporen a la n\u00f3mina federal, pues en las condiciones en que actualmente se encuentran, los empleados no tienen derecho a pr\u00e9stamos, est\u00edmulos ni atenci\u00f3n m\u00e9dica.<\/p>\n","protected":false},"excerpt":{"rendered":"<p>Exigen dialogo con la Secretar\u00eda de Educaci\u00f3n y desconocen a su dirigente &nbsp; Maestros disidentes marcharon hacia las instalaciones del Congreso local, desconocieron como dirigente al profesor Acangel Ram\u00edrez Perulero&hellip; <\/p>\n","protected":false},"author":1,"featured_media":0,"comment_status":"open","ping_status":"open","sticky":false,"template":"","format":"standard","meta":{"fifu_image_url":"","fifu_image_alt":"","footnotes":""},"categories":[6,8],"tags":[],"class_list":["post-3371","post","type-post","status-publish","format-standard","hentry","category-educacion","category-featured"],"_links":{"self":[{"href":"https:\/\/www.interaccionnoticias.com.mx\/index.php?rest_route=\/wp\/v2\/posts\/3371","targetHints":{"allow":["GET"]}}],"collection":[{"href":"https:\/\/www.interaccionnoticias.com.mx\/index.php?rest_route=\/wp\/v2\/posts"}],"about":[{"href":"https:\/\/www.interaccionnoticias.com.mx\/index.php?rest_route=\/wp\/v2\/types\/post"}],"author":[{"embeddable":true,"href":"https:\/\/www.interaccionnoticias.com.mx\/index.php?rest_route=\/wp\/v2\/users\/1"}],"replies":[{"embeddable":true,"href":"https:\/\/www.interaccionnoticias.com.mx\/index.php?rest_route=%2Fwp%2Fv2%2Fcomments&post=3371"}],"version-history":[{"count":0,"href":"https:\/\/www.interaccionnoticias.com.mx\/index.php?rest_route=\/wp\/v2\/posts\/3371\/revisions"}],"wp:attachment":[{"href":"https:\/\/www.interaccionnoticias.com.mx\/index.php?rest_route=%2Fwp%2Fv2%2Fmedia&parent=3371"}],"wp:term":[{"taxonomy":"category","embeddable":true,"href":"https:\/\/www.interaccionnoticias.com.mx\/index.php?rest_route=%2Fwp%2Fv2%2Fcategories&post=3371"},{"taxonomy":"post_tag","embeddable":true,"href":"https:\/\/www.interaccionnoticias.com.mx\/index.php?rest_route=%2Fwp%2Fv2%2Ftags&post=3371"}],"curies":[{"name":"wp","href":"https:\/\/api.w.org\/{rel}","templated":true}]}}