{"id":33708,"date":"2021-06-09T20:36:47","date_gmt":"2021-06-10T01:36:47","guid":{"rendered":"http:\/\/www.inter-accion.com.mx\/?p=33708"},"modified":"2021-06-09T20:36:47","modified_gmt":"2021-06-10T01:36:47","slug":"33708","status":"publish","type":"post","link":"https:\/\/www.interaccionnoticias.com.mx\/?p=33708","title":{"rendered":"PRI-PRD deben pedir perd\u00f3n, no recuento de votos"},"content":{"rendered":"\n<p><strong><em>&#8211; \u00abYa apl\u00e1quense, el pueblo no los quiere\u00bb, les dice la coordinadora estatal de campa\u00f1a de Morena<\/em><\/strong><\/p>\n\n\n\n<p><strong>Chilpancingo, Gro., 09 de junio de 2021.-<\/strong> La alianza PRI-PRD debe pedir perd\u00f3n a los guerrerenses, no recuento de votos, afirm\u00f3 Mar\u00eda de los \u00c1ngeles Santiago Dionicio, coordinadora estatal de campa\u00f1a de Morena para la gubernatura.\u00a0<\/p>\n\n\n\n<p>Este mi\u00e9rcoles, el candidato a gobernador de la alianza PRI-PRD, Mario Moreno Arcos, ofreci\u00f3 una conferencia de prensa en la que dijo que no reconocer\u00e1 el triunfo de Morena en la contienda.<\/p>\n\n\n\n<p>Exigi\u00f3 el recuento de votos, la destitici\u00f3n de todos los consejeros del Instituto Electoral y de Participaci\u00f3n Ciudadana (IEPC) e incluso dijo que podr\u00eda solicitar la nulidad de la elecci\u00f3n.&nbsp;<\/p>\n\n\n\n<p>Santiago Dionicio le respondi\u00f3 a Mario Moreno a trav\u00e9s de su cuenta de Facebook.&nbsp;<\/p>\n\n\n\n<p>\u00ab\u00bfC\u00f3mo que Mario no reconoce que perdi\u00f3 y est\u00e1 pidiendo el conteo voto por voto? Este hombre no tiene verg\u00fcenza, en vez de pedir el voto nos debiera de pedir perd\u00f3n por tanto da\u00f1o que le han hecho al pueblo de Guerrero\u00bb, escribi\u00f3 la coordinadora estatal de campa\u00f1a de Morena.&nbsp;<\/p>\n\n\n\n<p>Incluso le sugiri\u00f3 a Moreno Arcos y al PRI-PRD \u00abque ya se aplaquen porque el pueblo ya no los quiere\u00bb.<\/p>\n\n\n\n<p>Prueba de ello, dijo, es que no ganaron una sola de las 15 gubernaturas que se disputaron en la jornada electoral del 06 de junio.&nbsp;<\/p>\n\n\n\n<p>\u00abSe que les duele, pero ni modo, Evelyn Salgado Pineda ya es nuestra gobernadora\u00bb, sentenci\u00f3.&nbsp;<\/p>\n\n\n\n<p>En otra publicaci\u00f3n, afirm\u00f3 que \u00abgan\u00f3 la democracia\u00bb con el triunfo de Morena.&nbsp;<\/p>\n\n\n\n<p>\u00abEl pueblo ya despert\u00f3,&nbsp;ya no aguant\u00f3 tantas y tantas humillaciones,&nbsp;corrupci\u00f3n, miseria, asesinatos, desapariciones\u00bb, anot\u00f3.&nbsp;<\/p>\n\n\n\n<p>Por ello, Salgado Dionicio areng\u00f3 en su publicaci\u00f3n: \u00ab\u00a1Viva el valiente pueblo de Guerrero!\u00bb<\/p>\n","protected":false},"excerpt":{"rendered":"<p>&#8211; \u00abYa apl\u00e1quense, el pueblo no los quiere\u00bb, les dice la coordinadora estatal de campa\u00f1a de Morena Chilpancingo, Gro., 09 de junio de 2021.- La alianza PRI-PRD debe pedir perd\u00f3n&hellip; <\/p>\n","protected":false},"author":1,"featured_media":33702,"comment_status":"open","ping_status":"open","sticky":false,"template":"","format":"standard","meta":{"fifu_image_url":"","fifu_image_alt":"","footnotes":""},"categories":[25],"tags":[],"class_list":["post-33708","post","type-post","status-publish","format-standard","has-post-thumbnail","hentry","category-ruta-2021"],"_links":{"self":[{"href":"https:\/\/www.interaccionnoticias.com.mx\/index.php?rest_route=\/wp\/v2\/posts\/33708","targetHints":{"allow":["GET"]}}],"collection":[{"href":"https:\/\/www.interaccionnoticias.com.mx\/index.php?rest_route=\/wp\/v2\/posts"}],"about":[{"href":"https:\/\/www.interaccionnoticias.com.mx\/index.php?rest_route=\/wp\/v2\/types\/post"}],"author":[{"embeddable":true,"href":"https:\/\/www.interaccionnoticias.com.mx\/index.php?rest_route=\/wp\/v2\/users\/1"}],"replies":[{"embeddable":true,"href":"https:\/\/www.interaccionnoticias.com.mx\/index.php?rest_route=%2Fwp%2Fv2%2Fcomments&post=33708"}],"version-history":[{"count":0,"href":"https:\/\/www.interaccionnoticias.com.mx\/index.php?rest_route=\/wp\/v2\/posts\/33708\/revisions"}],"wp:featuredmedia":[{"embeddable":true,"href":"https:\/\/www.interaccionnoticias.com.mx\/index.php?rest_route=\/wp\/v2\/media\/33702"}],"wp:attachment":[{"href":"https:\/\/www.interaccionnoticias.com.mx\/index.php?rest_route=%2Fwp%2Fv2%2Fmedia&parent=33708"}],"wp:term":[{"taxonomy":"category","embeddable":true,"href":"https:\/\/www.interaccionnoticias.com.mx\/index.php?rest_route=%2Fwp%2Fv2%2Fcategories&post=33708"},{"taxonomy":"post_tag","embeddable":true,"href":"https:\/\/www.interaccionnoticias.com.mx\/index.php?rest_route=%2Fwp%2Fv2%2Ftags&post=33708"}],"curies":[{"name":"wp","href":"https:\/\/api.w.org\/{rel}","templated":true}]}}