{"id":33685,"date":"2021-06-09T16:51:11","date_gmt":"2021-06-09T21:51:11","guid":{"rendered":"http:\/\/www.inter-accion.com.mx\/?p=33685"},"modified":"2021-06-09T16:51:11","modified_gmt":"2021-06-09T21:51:11","slug":"33685","status":"publish","type":"post","link":"https:\/\/www.interaccionnoticias.com.mx\/?p=33685","title":{"rendered":"La CETEG mantendr\u00e1 su movimiento en la capital de Guerrero"},"content":{"rendered":"\n<p><strong><em>&#8211; Ante la falta de voluntad para resolver sus demandas<\/em><\/strong><\/p>\n\n\n\n<p><strong>Jes\u00fas Dorantes<br><\/strong>\u00a0<br>Chilpancingo, Gro.- Luego de dos semanas de lucha magisterial y de sostener una reuni\u00f3n con el secretario de Educaci\u00f3n, Heriberto Huicochea V\u00e1zquez, la Comisi\u00f3n Pol\u00edtica de la Coordinadora Estatal de Trabajadores de la Educaci\u00f3n en Guerrero (CETEG) denunciaron que ante la falta de respuestas positivas, se mantendr\u00e1n los plantones en la oficinas alternas del sector.\u00a0<\/p>\n\n\n\n<p>Durante la jornada de este mi\u00e9rcoles, los profesores incorporados a la CETEG realizaron una actividad de volanteo en el monumento a las banderas en la capital del estado, para denunciar el incumplimiento de acuerdos de por parte de la SEG.<\/p>\n\n\n\n<p>Entre dichos acuerdos se encuentra la entrega de 300 bases de mil 600 que se prometieron a nivel estado, adem\u00e1s del regreso de 60 plazas que les fueron retiradas de forma arbitraria a sus compa\u00f1eros.<br>&nbsp;<br>Adem\u00e1s reclamaron la entrega de fechas de renovaci\u00f3n de contrato de sus compa\u00f1eros estatales y de pago para sus compa\u00f1eros de honorarios, que no han sido regularizados y que por lo tanto, en algunos casos se les deben hasta un a\u00f1o de salario.<\/p>\n\n\n\n<p>Por esa raz\u00f3n, dijeron que se valora la intensificaci\u00f3n de la acciones de protesta en las pr\u00f3ximas horas, si prevalece una respuesta negativa de las autoridades educativas.<\/p>\n\n\n\n<p>En consecuencia, destacaron que no van a retirar los plantones que se tienen desde hace 15 d\u00edas en las oficinas alternas de la SEG, pus hasta el momento no se ha mandado un solo mensaje de voluntad para alcanzar una soluci\u00f3n a los problemas.<\/p>\n","protected":false},"excerpt":{"rendered":"<p>&#8211; Ante la falta de voluntad para resolver sus demandas Jes\u00fas Dorantes\u00a0Chilpancingo, Gro.- Luego de dos semanas de lucha magisterial y de sostener una reuni\u00f3n con el secretario de Educaci\u00f3n,&hellip; <\/p>\n","protected":false},"author":1,"featured_media":33686,"comment_status":"open","ping_status":"open","sticky":false,"template":"","format":"standard","meta":{"fifu_image_url":"","fifu_image_alt":"","footnotes":""},"categories":[15],"tags":[66],"class_list":["post-33685","post","type-post","status-publish","format-standard","has-post-thumbnail","hentry","category-movimientos-sociales","tag-ceteg"],"_links":{"self":[{"href":"https:\/\/www.interaccionnoticias.com.mx\/index.php?rest_route=\/wp\/v2\/posts\/33685","targetHints":{"allow":["GET"]}}],"collection":[{"href":"https:\/\/www.interaccionnoticias.com.mx\/index.php?rest_route=\/wp\/v2\/posts"}],"about":[{"href":"https:\/\/www.interaccionnoticias.com.mx\/index.php?rest_route=\/wp\/v2\/types\/post"}],"author":[{"embeddable":true,"href":"https:\/\/www.interaccionnoticias.com.mx\/index.php?rest_route=\/wp\/v2\/users\/1"}],"replies":[{"embeddable":true,"href":"https:\/\/www.interaccionnoticias.com.mx\/index.php?rest_route=%2Fwp%2Fv2%2Fcomments&post=33685"}],"version-history":[{"count":0,"href":"https:\/\/www.interaccionnoticias.com.mx\/index.php?rest_route=\/wp\/v2\/posts\/33685\/revisions"}],"wp:featuredmedia":[{"embeddable":true,"href":"https:\/\/www.interaccionnoticias.com.mx\/index.php?rest_route=\/wp\/v2\/media\/33686"}],"wp:attachment":[{"href":"https:\/\/www.interaccionnoticias.com.mx\/index.php?rest_route=%2Fwp%2Fv2%2Fmedia&parent=33685"}],"wp:term":[{"taxonomy":"category","embeddable":true,"href":"https:\/\/www.interaccionnoticias.com.mx\/index.php?rest_route=%2Fwp%2Fv2%2Fcategories&post=33685"},{"taxonomy":"post_tag","embeddable":true,"href":"https:\/\/www.interaccionnoticias.com.mx\/index.php?rest_route=%2Fwp%2Fv2%2Ftags&post=33685"}],"curies":[{"name":"wp","href":"https:\/\/api.w.org\/{rel}","templated":true}]}}