{"id":33669,"date":"2021-06-09T13:33:45","date_gmt":"2021-06-09T18:33:45","guid":{"rendered":"http:\/\/www.inter-accion.com.mx\/?p=33669"},"modified":"2021-06-09T13:33:45","modified_gmt":"2021-06-09T18:33:45","slug":"33669","status":"publish","type":"post","link":"https:\/\/www.interaccionnoticias.com.mx\/?p=33669","title":{"rendered":"Astudillo: \u201cImprudente amenazar con la ingobernabilidad en Guerrero\u201d"},"content":{"rendered":"\n<p><strong><em>&#8211; El gobernador reitera que se ha mantenido al margen de la contienda<\/em><\/strong><\/p>\n\n\n\n<p><strong>Rogelio Agust\u00edn<\/strong><\/p>\n\n\n\n<p>El gobernador H\u00e9ctor Astudillo Flores hizo un llamado a la mesura a los actores del proceso electoral, reiter\u00f3 que ser\u00e1 respetuoso del trabajo que realicen los \u00f3rganos encargados contar los votos y calific\u00f3 amenaza la declaraci\u00f3n del dirigente estatal de morena, Marcial Rodr\u00edguez Salda\u00f1a, en el sentido de que puede generarse ingobernabilidad en el tramo final de su administraci\u00f3n.<\/p>\n\n\n\n<p>En las instalaciones del Palacio de Gobierno, Astudillo Flores ratific\u00f3 la postura de respetar el trabajo del Instituto Electora y de Participaci\u00f3n Ciudadana (IEPC) y del Instituto Nacional Electoral (INE), que este mi\u00e9rcoles iniciaron el c\u00f3mputo oficial de los votos.<\/p>\n\n\n\n<p>\u201cYo voy a ser muy puntual en esperar que los \u00f3rganos electorales hagan su trabajo, que den la informaci\u00f3n que tengan que dar, para que el gobernador en todo caso haga los comentarios y pronunciamientos que tenga que hacer, pensando siempre en la estabilidad del estado\u201d, anot\u00f3.<\/p>\n\n\n\n<p>Astudillo Flores coment\u00f3 que le llaman la atenci\u00f3n las declaraciones hechas por el dirigente estatal de Morena, Marcial Rodr\u00edguez Salda\u00f1a, en el sentido de que la actitud de la coalici\u00f3n PRI-PRD puede poner en riesgo la gobernabilidad en la recta final de su administraci\u00f3n.<\/p>\n\n\n\n<p>Indic\u00f3 que hablar de cerrar con inestabilidad social una administraci\u00f3n que ha sido cuidadosa de la tranquilidad social, a partir de las diferencias surgidas entre los partidos pol\u00edticos, puede resultar poco prudente y delicado.<\/p>\n\n\n\n<p>\u201cEso no es prudente y no es correcto, yo llamo a la prudencia, porque tampoco creo que sea un asunto del gobierno estatal ni del gobierno federal, ese es un tema de los partidos pol\u00edticos y yo no he actuado como partido pol\u00edtico, mi llamado es a la mesura y no confundir lo que ha sido un proceso electoral y lo que es un gobierno\u201d, destac\u00f3.<\/p>\n\n\n\n<p>Sostuvo que el dirigente de Morena en Guerrero debe delimitar muy bien lo que se debe dirimir en los \u00f3rganos electorales, \u201cpara no incurrir en una amenaza que raya en la imprudencia pol\u00edtica\u201d.<\/p>\n\n\n\n<p>Reiter\u00f3 que como gobernador se ha mantenido al margen del proceso electoral, y ante el sentido que est\u00e1n tomando las cosas, lo que est\u00e1 en sus manos es hacer un llamado a la mesura a todos.<\/p>\n\n\n\n<p>\u201cA todos los llamo a la mesura, pues pensar que en la recta final de mi administraci\u00f3n habr\u00e1 una confrontaci\u00f3n y pensar que se va a terminar el d\u00eda que yo me vaya est\u00e1n muy equivocados\u201d.<\/p>\n\n\n\n<p>Enfatiz\u00f3: \u201cEn Guerrero nadie tiene derecho a amenazar con la descomposici\u00f3n social, por eso como gobernador hago un llamado a la mesura\u201d.<\/p>\n","protected":false},"excerpt":{"rendered":"<p>&#8211; El gobernador reitera que se ha mantenido al margen de la contienda Rogelio Agust\u00edn El gobernador H\u00e9ctor Astudillo Flores hizo un llamado a la mesura a los actores del&hellip; <\/p>\n","protected":false},"author":1,"featured_media":33670,"comment_status":"open","ping_status":"open","sticky":false,"template":"","format":"standard","meta":{"fifu_image_url":"","fifu_image_alt":"","footnotes":""},"categories":[11],"tags":[115],"class_list":["post-33669","post","type-post","status-publish","format-standard","has-post-thumbnail","hentry","category-guerrero","tag-hector-astudillo-2"],"_links":{"self":[{"href":"https:\/\/www.interaccionnoticias.com.mx\/index.php?rest_route=\/wp\/v2\/posts\/33669","targetHints":{"allow":["GET"]}}],"collection":[{"href":"https:\/\/www.interaccionnoticias.com.mx\/index.php?rest_route=\/wp\/v2\/posts"}],"about":[{"href":"https:\/\/www.interaccionnoticias.com.mx\/index.php?rest_route=\/wp\/v2\/types\/post"}],"author":[{"embeddable":true,"href":"https:\/\/www.interaccionnoticias.com.mx\/index.php?rest_route=\/wp\/v2\/users\/1"}],"replies":[{"embeddable":true,"href":"https:\/\/www.interaccionnoticias.com.mx\/index.php?rest_route=%2Fwp%2Fv2%2Fcomments&post=33669"}],"version-history":[{"count":0,"href":"https:\/\/www.interaccionnoticias.com.mx\/index.php?rest_route=\/wp\/v2\/posts\/33669\/revisions"}],"wp:featuredmedia":[{"embeddable":true,"href":"https:\/\/www.interaccionnoticias.com.mx\/index.php?rest_route=\/wp\/v2\/media\/33670"}],"wp:attachment":[{"href":"https:\/\/www.interaccionnoticias.com.mx\/index.php?rest_route=%2Fwp%2Fv2%2Fmedia&parent=33669"}],"wp:term":[{"taxonomy":"category","embeddable":true,"href":"https:\/\/www.interaccionnoticias.com.mx\/index.php?rest_route=%2Fwp%2Fv2%2Fcategories&post=33669"},{"taxonomy":"post_tag","embeddable":true,"href":"https:\/\/www.interaccionnoticias.com.mx\/index.php?rest_route=%2Fwp%2Fv2%2Ftags&post=33669"}],"curies":[{"name":"wp","href":"https:\/\/api.w.org\/{rel}","templated":true}]}}